{"id":1075,"date":"2010-02-16T20:04:17","date_gmt":"2010-02-16T18:04:17","guid":{"rendered":"http:\/\/www.lamborena.com\/?p=1075"},"modified":"2010-02-16T20:04:17","modified_gmt":"2010-02-16T18:04:17","slug":"itsaslurreko-arkaitzak-egunsentian","status":"publish","type":"post","link":"https:\/\/www.lamborena.com\/?p=1075","title":{"rendered":"Itsaslurreko arkaitzak egunsentian"},"content":{"rendered":"<p style=\"text-align: justify;\">Una foto del pasado diciembre, segunda de una serie que present\u00e9 recientemente.<\/p>\n<p style=\"text-align: justify;\">Se trata de la versi\u00f3n vertical en esta ocasi\u00f3n, algo que no suele faltar en mis trabajos porque como sab\u00e9is los que me segu\u00eds, me encantan los encuadres verticales en paisaje. Ser\u00e1 una forma de ir contracorriente, pero creo que este tipo de encuadre aporta una gran profundidad a las tomas.<\/p>\n<p style=\"text-align: justify;\">Siendo de diciembre la foto, est\u00e1 realizada con la 30d y el Sigma 10-20. Tiene 8 segundos de exposici\u00f3n a f13, ISO 100 y 13mm. Para tomar esta instantanea, me serv\u00ed del polarizador circular y de un filtro degradado neutro de 3 pasos y transici\u00f3n dura de la marca \u00abHitech\u00bb. En esta ocasi\u00f3n no utilic\u00e9 el filtro de densidad neutra porque la luz ya escaseaba lo suficiente como par conseguir una exposici\u00f3n lo bastante larga para mi intenci\u00f3n.<\/p>\n<p style=\"text-align: justify;\">Tras tomar esta foto en compa\u00f1\u00eda de Jose, nos unimos a Gorka en La Ace\u00f1a para terminar la ma\u00f1ana en\u00a0 la ferrer\u00eda de El Pobal. Fue una ma\u00f1ana de lo m\u00e1s entretenida en buena compa\u00f1\u00eda.<\/p>\n<p style=\"text-align: justify;\">Os dejo con la foto. Laster arte!<\/p>\n<p style=\"text-align: center;\"><img decoding=\"async\" style=\"border: 2px solid black;\" src=\"http:\/\/farm5.static.flickr.com\/4001\/4184605418_3aa6318719.jpg\" alt=\"\" \/><\/p>\n","protected":false},"excerpt":{"rendered":"<p>Una foto del pasado diciembre, segunda de una serie que present\u00e9 recientemente. Se trata de la versi\u00f3n vertical en esta ocasi\u00f3n, algo que no suele faltar en mis trabajos porque como sab\u00e9is los que me segu\u00eds, me encantan los encuadres verticales en paisaje. Ser\u00e1 una forma de ir contracorriente, pero creo que este tipo de [&hellip;]<\/p>\n","protected":false},"author":1,"featured_media":0,"comment_status":"open","ping_status":"open","sticky":false,"template":"","format":"standard","meta":{"ngg_post_thumbnail":0,"footnotes":""},"categories":[6],"tags":[53,56,593,412,361,88,275,276,68,97,1494,18,129,81,450,54],"class_list":["post-1075","post","type-post","status-publish","format-standard","hentry","category-fotografia","tag-andoni-lamborena","tag-canon-eos-30d","tag-cobarones","tag-el-castillo","tag-filtros-hitech","tag-fotos-de-muskiz","tag-hitech","tag-hitech-filters","tag-itsaslur","tag-la-juncosa","tag-lamborena","tag-muskiz","tag-muskizko-argazkiak","tag-punta-lucero","tag-rodenstock","tag-sigma-10-20","entry"],"_links":{"self":[{"href":"https:\/\/www.lamborena.com\/index.php?rest_route=\/wp\/v2\/posts\/1075","targetHints":{"allow":["GET"]}}],"collection":[{"href":"https:\/\/www.lamborena.com\/index.php?rest_route=\/wp\/v2\/posts"}],"about":[{"href":"https:\/\/www.lamborena.com\/index.php?rest_route=\/wp\/v2\/types\/post"}],"author":[{"embeddable":true,"href":"https:\/\/www.lamborena.com\/index.php?rest_route=\/wp\/v2\/users\/1"}],"replies":[{"embeddable":true,"href":"https:\/\/www.lamborena.com\/index.php?rest_route=%2Fwp%2Fv2%2Fcomments&post=1075"}],"version-history":[{"count":1,"href":"https:\/\/www.lamborena.com\/index.php?rest_route=\/wp\/v2\/posts\/1075\/revisions"}],"predecessor-version":[{"id":1076,"href":"https:\/\/www.lamborena.com\/index.php?rest_route=\/wp\/v2\/posts\/1075\/revisions\/1076"}],"wp:attachment":[{"href":"https:\/\/www.lamborena.com\/index.php?rest_route=%2Fwp%2Fv2%2Fmedia&parent=1075"}],"wp:term":[{"taxonomy":"category","embeddable":true,"href":"https:\/\/www.lamborena.com\/index.php?rest_route=%2Fwp%2Fv2%2Fcategories&post=1075"},{"taxonomy":"post_tag","embeddable":true,"href":"https:\/\/www.lamborena.com\/index.php?rest_route=%2Fwp%2Fv2%2Ftags&post=1075"}],"curies":[{"name":"wp","href":"https:\/\/api.w.org\/{rel}","templated":true}]}}