{"id":1109,"date":"2010-03-11T16:59:53","date_gmt":"2010-03-11T14:59:53","guid":{"rendered":"http:\/\/www.lamborena.com\/?p=1109"},"modified":"2010-03-11T16:59:53","modified_gmt":"2010-03-11T14:59:53","slug":"marono-neguan","status":"publish","type":"post","link":"https:\/\/www.lamborena.com\/?p=1109","title":{"rendered":"Maro\u00f1o neguan"},"content":{"rendered":"<p style=\"text-align: justify;\">Ten\u00eda una foto parecida a esta en mente desde hace tiempo. De hecho, el pasado invierno se me escap\u00f3 sin poderla hacer&#8230;<\/p>\n<p style=\"text-align: justify;\">Llevaba tiempo intentando fotografiar el Ungino nevado reflejado en el pantano de Maro\u00f1o.<\/p>\n<p style=\"text-align: justify;\">Puedo decir q ue lo he conseguido, aunque a\u00fan espero poder hacerlo mejor. En esta ocasi\u00f3n llegu\u00e9 un poco tarde y la luz era demasiado dura. Me las apa\u00f1\u00e9 como pude para exponer correctamente y esta que os presento es una de las fotos que sali\u00f3. Mas adelante os mostrar\u00e9 otra en la que tambi\u00e9n aparece el Tologorri.<\/p>\n<p style=\"text-align: justify;\">Me result\u00f3 dif\u00edcil encontrar un encuadre sin nada molesto. El arbolito de la derecha me incordiaba bastante, pero no hubo forma de eliminarlo por completo del encuadre, con lo que decid\u00ed incluirlos a \u00e9l y a su reflejo.<\/p>\n<p style=\"text-align: justify;\">Para mi gusto le falta alguna nube m\u00e1s, y algo atractivo en primer plano. Tengo otra con unos juncos, pero no la he subido a Flickr a\u00fan. Quiz\u00e1s la suba directamente al portfolio del blog cuando tenga tiempo.<\/p>\n<p style=\"text-align: justify;\">Mientras tanto os dejo con la toma de hoy.<\/p>\n<p style=\"text-align: center;\"><img decoding=\"async\" style=\"border: 2px solid black;\" src=\"http:\/\/farm3.static.flickr.com\/2733\/4375810724_f27494deaa.jpg\" alt=\"\" \/><\/p>\n","protected":false},"excerpt":{"rendered":"<p>Ten\u00eda una foto parecida a esta en mente desde hace tiempo. De hecho, el pasado invierno se me escap\u00f3 sin poderla hacer&#8230; Llevaba tiempo intentando fotografiar el Ungino nevado reflejado en el pantano de Maro\u00f1o. Puedo decir q ue lo he conseguido, aunque a\u00fan espero poder hacerlo mejor. En esta ocasi\u00f3n llegu\u00e9 un poco tarde [&hellip;]<\/p>\n","protected":false},"author":1,"featured_media":0,"comment_status":"open","ping_status":"open","sticky":false,"template":"","format":"standard","meta":{"ngg_post_thumbnail":0,"footnotes":""},"categories":[6],"tags":[53,361,709,275,276,1494,513,710,521,708,519,518],"class_list":["post-1109","post","type-post","status-publish","format-standard","hentry","category-fotografia","tag-andoni-lamborena","tag-filtros-hitech","tag-gorobel","tag-hitech","tag-hitech-filters","tag-lamborena","tag-marono","tag-pantano-marono","tag-salbada","tag-salvada","tag-sierra-salvada","tag-ungino","entry"],"_links":{"self":[{"href":"https:\/\/www.lamborena.com\/index.php?rest_route=\/wp\/v2\/posts\/1109","targetHints":{"allow":["GET"]}}],"collection":[{"href":"https:\/\/www.lamborena.com\/index.php?rest_route=\/wp\/v2\/posts"}],"about":[{"href":"https:\/\/www.lamborena.com\/index.php?rest_route=\/wp\/v2\/types\/post"}],"author":[{"embeddable":true,"href":"https:\/\/www.lamborena.com\/index.php?rest_route=\/wp\/v2\/users\/1"}],"replies":[{"embeddable":true,"href":"https:\/\/www.lamborena.com\/index.php?rest_route=%2Fwp%2Fv2%2Fcomments&post=1109"}],"version-history":[{"count":2,"href":"https:\/\/www.lamborena.com\/index.php?rest_route=\/wp\/v2\/posts\/1109\/revisions"}],"predecessor-version":[{"id":1111,"href":"https:\/\/www.lamborena.com\/index.php?rest_route=\/wp\/v2\/posts\/1109\/revisions\/1111"}],"wp:attachment":[{"href":"https:\/\/www.lamborena.com\/index.php?rest_route=%2Fwp%2Fv2%2Fmedia&parent=1109"}],"wp:term":[{"taxonomy":"category","embeddable":true,"href":"https:\/\/www.lamborena.com\/index.php?rest_route=%2Fwp%2Fv2%2Fcategories&post=1109"},{"taxonomy":"post_tag","embeddable":true,"href":"https:\/\/www.lamborena.com\/index.php?rest_route=%2Fwp%2Fv2%2Ftags&post=1109"}],"curies":[{"name":"wp","href":"https:\/\/api.w.org\/{rel}","templated":true}]}}