{"id":1115,"date":"2010-03-16T17:25:11","date_gmt":"2010-03-16T15:25:11","guid":{"rendered":"http:\/\/www.lamborena.com\/?p=1115"},"modified":"2010-03-16T17:25:11","modified_gmt":"2010-03-16T15:25:11","slug":"itxasbehera-azkorrin","status":"publish","type":"post","link":"https:\/\/www.lamborena.com\/?p=1115","title":{"rendered":"Itxasbehera Azkorrin"},"content":{"rendered":"<p style=\"text-align: justify;\">Hoy, a diferencia de lo que he venido haciendo \u00faltimamente, voy a presentar dos fotos en el mismo post. Se trata de una serie de dos tomas realizadas en una reciente visita a la playa de Azkorri en bajamar.<\/p>\n<p style=\"text-align: center;\"><img loading=\"lazy\" decoding=\"async\" style=\"border: 2px solid black;\" src=\"http:\/\/farm3.static.flickr.com\/2803\/4392132538_a82fd28b5a.jpg\" alt=\"\" width=\"500\" height=\"333\" \/><\/p>\n<p style=\"text-align: justify;\">A finales de febrero, mi amigo Jose y yo decidimos ir a ver amanecer a esta playa de Getxo. Ten\u00edamos idea de que las fotos cl\u00e1sicas de este lugar se hac\u00edan con la marea baja, pero nada m\u00e1s llegar nos dimos cuenta de que estabamos equivocados.<\/p>\n<p style=\"text-align: justify;\">Tuvimos que buscarnos la vida para encontrar alg\u00fan encuadre que mereciera la pena, pero la verdad, no nos cost\u00f3 demasiado. Vimos la necesidad de\u00a0 suplir la falta de colorido en el cielo con alg\u00fan que otro elemento interesante en los encuadres. Yo opt\u00e9 por una zona que encontr\u00e9 entre la propia Azkorri y la playa de Sopela. All\u00ed encontr\u00e9 unas piedras con formas redondeadas que me sugirieron hacer esta serie de dos tomas, que alguien ha decidido ya colocar a gran tama\u00f1o sobre el cabecero de su cama&#8230; Parece ser que han tenido \u00e9xito en Flickr.<\/p>\n<p style=\"text-align: justify;\">La segunda toma de esta serie es esta vertical con la que me despido por hoy. Laster arte!<\/p>\n<p style=\"text-align: center;\"><img decoding=\"async\" style=\"border: 2px solid black;\" src=\"http:\/\/farm3.static.flickr.com\/2684\/4404458459_5602f88551.jpg\" alt=\"\" \/><\/p>\n","protected":false},"excerpt":{"rendered":"<p>Hoy, a diferencia de lo que he venido haciendo \u00faltimamente, voy a presentar dos fotos en el mismo post. Se trata de una serie de dos tomas realizadas en una reciente visita a la playa de Azkorri en bajamar. A finales de febrero, mi amigo Jose y yo decidimos ir a ver amanecer a esta [&hellip;]<\/p>\n","protected":false},"author":1,"featured_media":0,"comment_status":"open","ping_status":"open","sticky":false,"template":"","format":"standard","meta":{"ngg_post_thumbnail":0,"footnotes":""},"categories":[6],"tags":[675,690,673,674,53,714,718,701,696,361,717,715,275,276,1494,716],"class_list":["post-1115","post","type-post","status-publish","format-standard","hentry","category-fotografia","tag-5d2","tag-5dii","tag-5dmk2","tag-5dmkii","tag-andoni-lamborena","tag-azkorri","tag-canon-5d-mk2","tag-canon-eos-5d-mark-2","tag-canon-eos-5d-mark-ii","tag-filtros-hitech","tag-fotos-de-azkorri","tag-getxo","tag-hitech","tag-hitech-filters","tag-lamborena","tag-playa-de-azkorri","entry"],"_links":{"self":[{"href":"https:\/\/www.lamborena.com\/index.php?rest_route=\/wp\/v2\/posts\/1115","targetHints":{"allow":["GET"]}}],"collection":[{"href":"https:\/\/www.lamborena.com\/index.php?rest_route=\/wp\/v2\/posts"}],"about":[{"href":"https:\/\/www.lamborena.com\/index.php?rest_route=\/wp\/v2\/types\/post"}],"author":[{"embeddable":true,"href":"https:\/\/www.lamborena.com\/index.php?rest_route=\/wp\/v2\/users\/1"}],"replies":[{"embeddable":true,"href":"https:\/\/www.lamborena.com\/index.php?rest_route=%2Fwp%2Fv2%2Fcomments&post=1115"}],"version-history":[{"count":2,"href":"https:\/\/www.lamborena.com\/index.php?rest_route=\/wp\/v2\/posts\/1115\/revisions"}],"predecessor-version":[{"id":1117,"href":"https:\/\/www.lamborena.com\/index.php?rest_route=\/wp\/v2\/posts\/1115\/revisions\/1117"}],"wp:attachment":[{"href":"https:\/\/www.lamborena.com\/index.php?rest_route=%2Fwp%2Fv2%2Fmedia&parent=1115"}],"wp:term":[{"taxonomy":"category","embeddable":true,"href":"https:\/\/www.lamborena.com\/index.php?rest_route=%2Fwp%2Fv2%2Fcategories&post=1115"},{"taxonomy":"post_tag","embeddable":true,"href":"https:\/\/www.lamborena.com\/index.php?rest_route=%2Fwp%2Fv2%2Ftags&post=1115"}],"curies":[{"name":"wp","href":"https:\/\/api.w.org\/{rel}","templated":true}]}}