{"id":1118,"date":"2010-03-17T17:58:02","date_gmt":"2010-03-17T15:58:02","guid":{"rendered":"http:\/\/www.lamborena.com\/?p=1118"},"modified":"2010-03-17T17:58:02","modified_gmt":"2010-03-17T15:58:02","slug":"la-cercada-otsaila-amaitzean","status":"publish","type":"post","link":"https:\/\/www.lamborena.com\/?p=1118","title":{"rendered":"La Cercada otsaila amaitzean"},"content":{"rendered":"<p style=\"text-align: justify;\">El pasado 26 de febrero realic\u00e9 una serie muy breve en la zona de La Cercada. Ha sido la \u00fanica vez que he ido a esta zona con la c\u00e1mara nueva.<\/p>\n<p style=\"text-align: justify;\">Ten\u00eda poco tiempo, puesto que ese d\u00eda visit\u00f3 el Meatzari Aretoa Edurne Pasaban, dentro de las jornadas de monta\u00f1a organizadas por el Club Mello y no quer\u00eda perderme su charla.<\/p>\n<p style=\"text-align: justify;\">Con las cosas as\u00ed, baj\u00e9 apresuradamente hasta la zona de rocas y coloqu\u00e9 el tr\u00edpode orientado hacia Castro. La toma de hoy, es la primera que hice aquella tarde. La segunda y \u00faltima, la presentar\u00e9 en unos d\u00edas.<\/p>\n<p style=\"text-align: justify;\">Despu\u00e9s de unas semanas con la 5d Mk-II solo puedo hablar maravillas de ella. Reproduce el color de una manera soberbia para mi gusto, tiene un detalle impresionante y como el manejo es muy similar al de mi antigua 30d, me ha resultado muy f\u00e1cil hacerme con ella. Alg\u00fan d\u00eda si me animos quiz\u00e1s haga un an\u00e1lisis exhaustivo de sus pros y contras&#8230; Aunque lo m\u00edo, es hacer fotos con ella, m\u00e1s que buscar explicaciones de por qu\u00e9 la c\u00e1mara funciona de una o de otra manera.<\/p>\n<p style=\"text-align: justify;\">Os dejo con la toma de hoy. Se nota que tengo poco tiempo para escribir&#8230; Ma\u00f1ana me voy a pasar el fin de semana a Cangas de On\u00eds. Espero volver con alguna foto bonita de la zona de los lagos de Covadonga o de la zona de Sajambre&#8230;<\/p>\n<p style=\"text-align: justify;\">Laster arte!<\/p>\n<p style=\"text-align: center;\"><img decoding=\"async\" style=\"border: 2px solid black;\" src=\"http:\/\/farm3.static.flickr.com\/2786\/4395752461_b164d2b01d.jpg\" alt=\"\" \/><\/p>\n<p style=\"text-align: center;\">\n<p style=\"text-align: justify;\">P.D. Estoy esperando la llegada de unos nuevos filtros Hitech como agua de mayo&#8230; A ver si llegan antes de marchar de viaje!!<\/p>\n","protected":false},"excerpt":{"rendered":"<p>El pasado 26 de febrero realic\u00e9 una serie muy breve en la zona de La Cercada. Ha sido la \u00fanica vez que he ido a esta zona con la c\u00e1mara nueva. Ten\u00eda poco tiempo, puesto que ese d\u00eda visit\u00f3 el Meatzari Aretoa Edurne Pasaban, dentro de las jornadas de monta\u00f1a organizadas por el Club Mello [&hellip;]<\/p>\n","protected":false},"author":1,"featured_media":0,"comment_status":"open","ping_status":"open","sticky":false,"template":"","format":"standard","meta":{"ngg_post_thumbnail":0,"footnotes":""},"categories":[6],"tags":[53,51,361,88,275,276,68,50,70,1494,18,129],"class_list":["post-1118","post","type-post","status-publish","format-standard","hentry","category-fotografia","tag-andoni-lamborena","tag-cobaron","tag-filtros-hitech","tag-fotos-de-muskiz","tag-hitech","tag-hitech-filters","tag-itsaslur","tag-kobaron","tag-la-cercada","tag-lamborena","tag-muskiz","tag-muskizko-argazkiak","entry"],"_links":{"self":[{"href":"https:\/\/www.lamborena.com\/index.php?rest_route=\/wp\/v2\/posts\/1118","targetHints":{"allow":["GET"]}}],"collection":[{"href":"https:\/\/www.lamborena.com\/index.php?rest_route=\/wp\/v2\/posts"}],"about":[{"href":"https:\/\/www.lamborena.com\/index.php?rest_route=\/wp\/v2\/types\/post"}],"author":[{"embeddable":true,"href":"https:\/\/www.lamborena.com\/index.php?rest_route=\/wp\/v2\/users\/1"}],"replies":[{"embeddable":true,"href":"https:\/\/www.lamborena.com\/index.php?rest_route=%2Fwp%2Fv2%2Fcomments&post=1118"}],"version-history":[{"count":2,"href":"https:\/\/www.lamborena.com\/index.php?rest_route=\/wp\/v2\/posts\/1118\/revisions"}],"predecessor-version":[{"id":1120,"href":"https:\/\/www.lamborena.com\/index.php?rest_route=\/wp\/v2\/posts\/1118\/revisions\/1120"}],"wp:attachment":[{"href":"https:\/\/www.lamborena.com\/index.php?rest_route=%2Fwp%2Fv2%2Fmedia&parent=1118"}],"wp:term":[{"taxonomy":"category","embeddable":true,"href":"https:\/\/www.lamborena.com\/index.php?rest_route=%2Fwp%2Fv2%2Fcategories&post=1118"},{"taxonomy":"post_tag","embeddable":true,"href":"https:\/\/www.lamborena.com\/index.php?rest_route=%2Fwp%2Fv2%2Ftags&post=1118"}],"curies":[{"name":"wp","href":"https:\/\/api.w.org\/{rel}","templated":true}]}}