{"id":1158,"date":"2010-04-13T13:46:57","date_gmt":"2010-04-13T11:46:57","guid":{"rendered":"http:\/\/www.lamborena.com\/?p=1158"},"modified":"2010-04-13T13:46:57","modified_gmt":"2010-04-13T11:46:57","slug":"lastron-orlegi","status":"publish","type":"post","link":"https:\/\/www.lamborena.com\/?p=1158","title":{"rendered":"Lastron orlegi"},"content":{"rendered":"<p style=\"text-align: justify;\">En primavera, un manto verde suele cubrir gran parte de las rocas de nuestra costa. Es algo tremendamente atractivo para los aficionados a la fotograf\u00eda y en rara ocasi\u00f3n dejamos escapar la oportunidad de fotografiar ese verd\u00edn.<\/p>\n<p style=\"text-align: justify;\">A mi personalmente me encanta fotografiar las rocas cubiertas de verde. Tuve ocasi\u00f3n de hacerlo en mi \u00faltima visita a El Lastr\u00f3n, el pasado mes de marzo. En aquella ocasi\u00f3n, como ya os comentaba en el \u00faltimo post, fueron varias tomas las que me agradaron. Vamos hoy con la segunda&#8230;<\/p>\n<p style=\"text-align: justify;\">Se trata de una toma horizontal en la que vemos unos escalones rocosos cubiertos de verde en primer plano y la zona de Itsaslur y Castro al fondo. La toma se realiz\u00f3 al atardecer.<\/p>\n<p style=\"text-align: justify;\">Los datos t\u00e9cnicos,\u00a0 muy similares a los del resto de tomas de este tipo, como os pod\u00e9is imaginar. Como novedad, os puedo comentar que en esta toma estren\u00e9 el degradado inverso Hitech de 3 pasos. Como \u00e9l solito no pod\u00eda contener toda la luz del tercio superior de la escena, lo tuve que acompa\u00f1ar con otro degradado de 2 pasos.<\/p>\n<p style=\"text-align: justify;\">El resultado es \u00e9ste que os traigo. Laster arte!<\/p>\n<p style=\"text-align: center;\"><img decoding=\"async\" style=\"border: 2px solid black;\" src=\"http:\/\/farm5.static.flickr.com\/4046\/4465344857_a0686183c0.jpg\" alt=\"\" \/><\/p>\n","protected":false},"excerpt":{"rendered":"<p>En primavera, un manto verde suele cubrir gran parte de las rocas de nuestra costa. Es algo tremendamente atractivo para los aficionados a la fotograf\u00eda y en rara ocasi\u00f3n dejamos escapar la oportunidad de fotografiar ese verd\u00edn. A mi personalmente me encanta fotografiar las rocas cubiertas de verde. Tuve ocasi\u00f3n de hacerlo en mi \u00faltima [&hellip;]<\/p>\n","protected":false},"author":1,"featured_media":0,"comment_status":"open","ping_status":"open","sticky":false,"template":"","format":"standard","meta":{"ngg_post_thumbnail":0,"footnotes":""},"categories":[6],"tags":[675,690,19,55,701,741,361,275,276,740,719,7,1494,147,18,72],"class_list":["post-1158","post","type-post","status-publish","format-standard","hentry","category-fotografia","tag-5d2","tag-5dii","tag-bizkaia","tag-canon","tag-canon-eos-5d-mark-2","tag-degradado-inverso-hitech","tag-filtros-hitech","tag-hitech","tag-hitech-filters","tag-hitech-reverse","tag-inverso-hitech","tag-la-arena","tag-lamborena","tag-lastron","tag-muskiz","tag-zierbena","entry"],"_links":{"self":[{"href":"https:\/\/www.lamborena.com\/index.php?rest_route=\/wp\/v2\/posts\/1158","targetHints":{"allow":["GET"]}}],"collection":[{"href":"https:\/\/www.lamborena.com\/index.php?rest_route=\/wp\/v2\/posts"}],"about":[{"href":"https:\/\/www.lamborena.com\/index.php?rest_route=\/wp\/v2\/types\/post"}],"author":[{"embeddable":true,"href":"https:\/\/www.lamborena.com\/index.php?rest_route=\/wp\/v2\/users\/1"}],"replies":[{"embeddable":true,"href":"https:\/\/www.lamborena.com\/index.php?rest_route=%2Fwp%2Fv2%2Fcomments&post=1158"}],"version-history":[{"count":2,"href":"https:\/\/www.lamborena.com\/index.php?rest_route=\/wp\/v2\/posts\/1158\/revisions"}],"predecessor-version":[{"id":1161,"href":"https:\/\/www.lamborena.com\/index.php?rest_route=\/wp\/v2\/posts\/1158\/revisions\/1161"}],"wp:attachment":[{"href":"https:\/\/www.lamborena.com\/index.php?rest_route=%2Fwp%2Fv2%2Fmedia&parent=1158"}],"wp:term":[{"taxonomy":"category","embeddable":true,"href":"https:\/\/www.lamborena.com\/index.php?rest_route=%2Fwp%2Fv2%2Fcategories&post=1158"},{"taxonomy":"post_tag","embeddable":true,"href":"https:\/\/www.lamborena.com\/index.php?rest_route=%2Fwp%2Fv2%2Ftags&post=1158"}],"curies":[{"name":"wp","href":"https:\/\/api.w.org\/{rel}","templated":true}]}}