{"id":1226,"date":"2010-06-07T10:53:45","date_gmt":"2010-06-07T08:53:45","guid":{"rendered":"http:\/\/www.lamborena.com\/?p=1226"},"modified":"2010-06-07T10:53:45","modified_gmt":"2010-06-07T08:53:45","slug":"la-juncosa-udaberrirako-jantzita","status":"publish","type":"post","link":"https:\/\/www.lamborena.com\/?p=1226","title":{"rendered":"La Juncosa udaberrirako jantzita"},"content":{"rendered":"<p style=\"text-align: justify;\">Hoy traigo a mis lectores una serie de tres fotos \u00edntegra. La sesi\u00f3n la realic\u00e9 en compa\u00f1\u00eda de mi amigo Jose Ramos el pasado 25 de abril una tarde de domingo con una bajamar importante que nos permiti\u00f3 acercarnos a algunos huecos a los que no es habitual poder acceder.<\/p>\n<p style=\"text-align: justify;\">Por aquel entonces las rocas se encontraban ya vestidas con sus mejores galas primaverales en forma de verd\u00edn.<\/p>\n<p style=\"text-align: center;\"><img decoding=\"async\" style=\"border: 2px solid black;\" src=\"http:\/\/farm4.static.flickr.com\/3174\/4551973675_662a1d5749.jpg\" alt=\"\" \/><\/p>\n<p style=\"text-align: justify;\">Esta primera foto vertical que os presento se llama \u00abApirileko itxasbehera\u00bb y cronol\u00f3gicamente hablando fue la \u00faltima de la serie. Est\u00e1 realizada, al igual que las otras dos que componen la serie con el polarizador circular y con el filtro degradado inverso de Hitech.<\/p>\n<p style=\"text-align: justify;\">Una peculiaridad de estas fotos que me llam\u00f3 la atenci\u00f3n fue el color verde casi el\u00e9ctrico que capt\u00f3 la 5d Mark II. Lo cierto es que la c\u00e1mara cada d\u00eda me sorprende m\u00e1s por la excelente reproducci\u00f3n del color que tiene a mi modesto entender.<\/p>\n<p style=\"text-align: center;\"><img decoding=\"async\" style=\"border: 2px solid black;\" src=\"http:\/\/farm4.static.flickr.com\/3213\/4562876916_0528801a21.jpg\" alt=\"\" \/><\/p>\n<p style=\"text-align: justify;\">La toma horizontal de la tarde se llama \u00abLa Juncosa dotore\u00bb en alusi\u00f3n al traje verde de las rocas en esta \u00e9poca. Es una temporada y un tipo de foto que no puede faltar en una galer\u00eda de marcado car\u00e1cter marino como la m\u00eda. Lamentablemente no tengo tanto tiempo como quisiera para buscar este tipo de fotos y la temporada se me est\u00e1 terminando con muy pocas capturas como bagaje.<\/p>\n<p style=\"text-align: justify;\">Para terminar la serie os dejo con la tercera y \u00faltima foto. La he llamado \u00abHarri berdeak Itsaslurren\u00bb. Con ella me despido hasta el pr\u00f3ximo post, que dicho sea de paso, espero que no tarde en llegar&#8230; Laster arte!<\/p>\n<p style=\"text-align: center;\"><img decoding=\"async\" style=\"border: 2px solid black;\" src=\"http:\/\/farm4.static.flickr.com\/3384\/4556827145_fea04b0612.jpg\" alt=\"\" \/><\/p>\n<p style=\"text-align: justify;\">\n","protected":false},"excerpt":{"rendered":"<p>Hoy traigo a mis lectores una serie de tres fotos \u00edntegra. La sesi\u00f3n la realic\u00e9 en compa\u00f1\u00eda de mi amigo Jose Ramos el pasado 25 de abril una tarde de domingo con una bajamar importante que nos permiti\u00f3 acercarnos a algunos huecos a los que no es habitual poder acceder. Por aquel entonces las rocas [&hellip;]<\/p>\n","protected":false},"author":1,"featured_media":0,"comment_status":"open","ping_status":"open","sticky":false,"template":"","format":"standard","meta":{"ngg_post_thumbnail":0,"footnotes":""},"categories":[6],"tags":[779,675,786,690,673,674,53,787,55,691,735,702,701,51,361,88,275,276,68,50,97,1494,18,129,451,450],"class_list":["post-1226","post","type-post","status-publish","format-standard","hentry","category-fotografia","tag-17-40-l","tag-5d2","tag-5dedos","tag-5dii","tag-5dmk2","tag-5dmkii","tag-andoni-lamborena","tag-cala-la-juncosa","tag-canon","tag-canon-5d-mk-ii","tag-canon-5d-mk-2","tag-canon-ef-17-40-l","tag-canon-eos-5d-mark-2","tag-cobaron","tag-filtros-hitech","tag-fotos-de-muskiz","tag-hitech","tag-hitech-filters","tag-itsaslur","tag-kobaron","tag-la-juncosa","tag-lamborena","tag-muskiz","tag-muskizko-argazkiak","tag-polarizador-rodenstock","tag-rodenstock","entry"],"_links":{"self":[{"href":"https:\/\/www.lamborena.com\/index.php?rest_route=\/wp\/v2\/posts\/1226","targetHints":{"allow":["GET"]}}],"collection":[{"href":"https:\/\/www.lamborena.com\/index.php?rest_route=\/wp\/v2\/posts"}],"about":[{"href":"https:\/\/www.lamborena.com\/index.php?rest_route=\/wp\/v2\/types\/post"}],"author":[{"embeddable":true,"href":"https:\/\/www.lamborena.com\/index.php?rest_route=\/wp\/v2\/users\/1"}],"replies":[{"embeddable":true,"href":"https:\/\/www.lamborena.com\/index.php?rest_route=%2Fwp%2Fv2%2Fcomments&post=1226"}],"version-history":[{"count":1,"href":"https:\/\/www.lamborena.com\/index.php?rest_route=\/wp\/v2\/posts\/1226\/revisions"}],"predecessor-version":[{"id":1227,"href":"https:\/\/www.lamborena.com\/index.php?rest_route=\/wp\/v2\/posts\/1226\/revisions\/1227"}],"wp:attachment":[{"href":"https:\/\/www.lamborena.com\/index.php?rest_route=%2Fwp%2Fv2%2Fmedia&parent=1226"}],"wp:term":[{"taxonomy":"category","embeddable":true,"href":"https:\/\/www.lamborena.com\/index.php?rest_route=%2Fwp%2Fv2%2Fcategories&post=1226"},{"taxonomy":"post_tag","embeddable":true,"href":"https:\/\/www.lamborena.com\/index.php?rest_route=%2Fwp%2Fv2%2Ftags&post=1226"}],"curies":[{"name":"wp","href":"https:\/\/api.w.org\/{rel}","templated":true}]}}