{"id":1237,"date":"2010-06-22T11:06:55","date_gmt":"2010-06-22T09:06:55","guid":{"rendered":"http:\/\/www.lamborena.com\/?p=1237"},"modified":"2010-06-22T11:07:23","modified_gmt":"2010-06-22T09:07:23","slug":"lastron-koloretsu","status":"publish","type":"post","link":"https:\/\/www.lamborena.com\/?p=1237","title":{"rendered":"Lastron koloretsu"},"content":{"rendered":"<p style=\"text-align: justify;\">\u00abLastron koloretsu\u00bb es la primera toma de una de las series m\u00e1s provechosas que he realizado en los \u00faltimos tiempos.<\/p>\n<p style=\"text-align: justify;\">La serie es relativamente antigua puesto que procede del pasado 6 de mayo, pero como sab\u00e9is, llevo bastante retraso subiendo fotos al blog, ya que estos meses de primavera y verano suelen ser m\u00e1s fruct\u00edferos y las fotos se van acumulando sin poder darles la presentaci\u00f3n que merecen.<\/p>\n<p style=\"text-align: justify;\">La foto de hoy tiene un encuadre vertical orientado hacia la zona norte de la cala. Esta realizada desde un saliente de roca en el que estuve a punto de quedarme por la subida de la marea&#8230;<\/p>\n<p style=\"text-align: justify;\">Fue un atardecer bastante bonito, la verdad. Se echa de menos que no los haya con m\u00e1s frecuencia&#8230;<\/p>\n<p style=\"text-align: justify;\">T\u00e9cnicamente hablando, no difiere mucho del resto de fotos de mi galer\u00eda. En esta utilic\u00e9 el filtro degradado inverso Hitech de tres pasos.<\/p>\n<p style=\"text-align: justify;\">Os dejo con la toma. Laster arte!<\/p>\n<p style=\"text-align: center;\"><img decoding=\"async\" style=\"border: 2px solid black;\" src=\"http:\/\/farm5.static.flickr.com\/4038\/4587273917_5ab4cb6822.jpg\" alt=\"\" \/><\/p>\n","protected":false},"excerpt":{"rendered":"<p>\u00abLastron koloretsu\u00bb es la primera toma de una de las series m\u00e1s provechosas que he realizado en los \u00faltimos tiempos. La serie es relativamente antigua puesto que procede del pasado 6 de mayo, pero como sab\u00e9is, llevo bastante retraso subiendo fotos al blog, ya que estos meses de primavera y verano suelen ser m\u00e1s fruct\u00edferos [&hellip;]<\/p>\n","protected":false},"author":1,"featured_media":0,"comment_status":"open","ping_status":"open","sticky":false,"template":"","format":"standard","meta":{"ngg_post_thumbnail":0,"footnotes":""},"categories":[6],"tags":[53,19,55,667,693,275,772,740,1494,18,794],"class_list":["post-1237","post","type-post","status-publish","format-standard","hentry","category-fotografia","tag-andoni-lamborena","tag-bizkaia","tag-canon","tag-canon-17-40","tag-canon-5d-mark-2","tag-hitech","tag-hitech-inverso","tag-hitech-reverse","tag-lamborena","tag-muskiz","tag-zierbana","entry"],"_links":{"self":[{"href":"https:\/\/www.lamborena.com\/index.php?rest_route=\/wp\/v2\/posts\/1237","targetHints":{"allow":["GET"]}}],"collection":[{"href":"https:\/\/www.lamborena.com\/index.php?rest_route=\/wp\/v2\/posts"}],"about":[{"href":"https:\/\/www.lamborena.com\/index.php?rest_route=\/wp\/v2\/types\/post"}],"author":[{"embeddable":true,"href":"https:\/\/www.lamborena.com\/index.php?rest_route=\/wp\/v2\/users\/1"}],"replies":[{"embeddable":true,"href":"https:\/\/www.lamborena.com\/index.php?rest_route=%2Fwp%2Fv2%2Fcomments&post=1237"}],"version-history":[{"count":2,"href":"https:\/\/www.lamborena.com\/index.php?rest_route=\/wp\/v2\/posts\/1237\/revisions"}],"predecessor-version":[{"id":1239,"href":"https:\/\/www.lamborena.com\/index.php?rest_route=\/wp\/v2\/posts\/1237\/revisions\/1239"}],"wp:attachment":[{"href":"https:\/\/www.lamborena.com\/index.php?rest_route=%2Fwp%2Fv2%2Fmedia&parent=1237"}],"wp:term":[{"taxonomy":"category","embeddable":true,"href":"https:\/\/www.lamborena.com\/index.php?rest_route=%2Fwp%2Fv2%2Fcategories&post=1237"},{"taxonomy":"post_tag","embeddable":true,"href":"https:\/\/www.lamborena.com\/index.php?rest_route=%2Fwp%2Fv2%2Ftags&post=1237"}],"curies":[{"name":"wp","href":"https:\/\/api.w.org\/{rel}","templated":true}]}}