{"id":1271,"date":"2010-07-04T10:50:46","date_gmt":"2010-07-04T08:50:46","guid":{"rendered":"http:\/\/www.lamborena.com\/?p=1271"},"modified":"2010-07-04T10:50:46","modified_gmt":"2010-07-04T08:50:46","slug":"isladak-eta-disdirak-hondartzan","status":"publish","type":"post","link":"https:\/\/www.lamborena.com\/?p=1271","title":{"rendered":"Isladak eta disdirak hondartzan"},"content":{"rendered":"<p style=\"text-align: justify;\">Ya llevo casi dos meses de retraso en la presentaci\u00f3n de fotos en el blog&#8230; Se me van acumulando en Flickr sin poder presentarlas aqu\u00ed. Supongo que en oto\u00f1o-invierno, cuando pueda recopilar una menor cantidad de material, me vendr\u00e1 bien. La toma de hoy de hecho, es del pasado 9 de mayo. La realic\u00e9 en la playa de La Arena un domingo, en compa\u00f1\u00eda de Jose e I\u00f1aki.<\/p>\n<p style=\"text-align: justify;\">Fue una tarde de la que no esperaba gran cosa, pero un par de nubes que pude captar reflejadas en la arena mojada cambiaron mi primera percepci\u00f3n. Aprovech\u00e9 unas algas que reposaban tranquilamente sobre la arena como elemento compositivo y las ubiqu\u00e9 de forma que nos guiaran hacia los reflejos. El resto de la imagen est\u00e1 compuesto por las propias nubes, agua con tono dorado y los colores del atardecer ba\u00f1ando el resto del cielo y la zona del antiguo cargadero de Itsaslur.<\/p>\n<p style=\"text-align: justify;\">T\u00e9cnicamente hablando, la toma est\u00e1 realizada con el Canon EF 17-40 F4-L a 17mm, F14, ISO 100 y 4 segundos de exposici\u00f3n. La exposici\u00f3n tiene 2\/3 de EV de compensaci\u00f3n positiva. Para equilibrar las luces utilic\u00e9 un filtro degradado inverso y otro filtros degradado de transici\u00f3n suave.<\/p>\n<p style=\"text-align: justify;\">Os dejo con la toma. Laster arte!<\/p>\n<p style=\"text-align: center;\"><img decoding=\"async\" style=\"border: 2px solid black;\" src=\"http:\/\/farm4.static.flickr.com\/3369\/4605143080_0ee672c0f3.jpg\" alt=\"\" \/><\/p>\n","protected":false},"excerpt":{"rendered":"<p>Ya llevo casi dos meses de retraso en la presentaci\u00f3n de fotos en el blog&#8230; Se me van acumulando en Flickr sin poder presentarlas aqu\u00ed. Supongo que en oto\u00f1o-invierno, cuando pueda recopilar una menor cantidad de material, me vendr\u00e1 bien. La toma de hoy de hecho, es del pasado 9 de mayo. La realic\u00e9 en [&hellip;]<\/p>\n","protected":false},"author":1,"featured_media":0,"comment_status":"open","ping_status":"open","sticky":false,"template":"","format":"standard","meta":{"ngg_post_thumbnail":0,"footnotes":""},"categories":[6],"tags":[746,747,675,673,674,53,19,55,701,361,88,275,276,68,71,1494,18,129,82,72],"class_list":["post-1271","post","type-post","status-publish","format-standard","hentry","category-fotografia","tag-5d-mark-2","tag-5d-mk-2","tag-5d2","tag-5dmk2","tag-5dmkii","tag-andoni-lamborena","tag-bizkaia","tag-canon","tag-canon-eos-5d-mark-2","tag-filtros-hitech","tag-fotos-de-muskiz","tag-hitech","tag-hitech-filters","tag-itsaslur","tag-la-arena-hondartza","tag-lamborena","tag-muskiz","tag-muskizko-argazkiak","tag-playa-la-arena","tag-zierbena","entry"],"_links":{"self":[{"href":"https:\/\/www.lamborena.com\/index.php?rest_route=\/wp\/v2\/posts\/1271","targetHints":{"allow":["GET"]}}],"collection":[{"href":"https:\/\/www.lamborena.com\/index.php?rest_route=\/wp\/v2\/posts"}],"about":[{"href":"https:\/\/www.lamborena.com\/index.php?rest_route=\/wp\/v2\/types\/post"}],"author":[{"embeddable":true,"href":"https:\/\/www.lamborena.com\/index.php?rest_route=\/wp\/v2\/users\/1"}],"replies":[{"embeddable":true,"href":"https:\/\/www.lamborena.com\/index.php?rest_route=%2Fwp%2Fv2%2Fcomments&post=1271"}],"version-history":[{"count":2,"href":"https:\/\/www.lamborena.com\/index.php?rest_route=\/wp\/v2\/posts\/1271\/revisions"}],"predecessor-version":[{"id":1273,"href":"https:\/\/www.lamborena.com\/index.php?rest_route=\/wp\/v2\/posts\/1271\/revisions\/1273"}],"wp:attachment":[{"href":"https:\/\/www.lamborena.com\/index.php?rest_route=%2Fwp%2Fv2%2Fmedia&parent=1271"}],"wp:term":[{"taxonomy":"category","embeddable":true,"href":"https:\/\/www.lamborena.com\/index.php?rest_route=%2Fwp%2Fv2%2Fcategories&post=1271"},{"taxonomy":"post_tag","embeddable":true,"href":"https:\/\/www.lamborena.com\/index.php?rest_route=%2Fwp%2Fv2%2Ftags&post=1271"}],"curies":[{"name":"wp","href":"https:\/\/api.w.org\/{rel}","templated":true}]}}