{"id":1280,"date":"2010-07-07T01:13:23","date_gmt":"2010-07-06T23:13:23","guid":{"rendered":"http:\/\/www.lamborena.com\/?p=1280"},"modified":"2010-07-07T01:15:25","modified_gmt":"2010-07-06T23:15:25","slug":"txus-eta-argine-bikote-alaia","status":"publish","type":"post","link":"https:\/\/www.lamborena.com\/?p=1280","title":{"rendered":"Txus eta Argi\u00f1e: Bikote alaia!"},"content":{"rendered":"<p style=\"text-align: justify;\">Con este reportaje realizado ayer a esta pareja de buenos amigos, sigo mostrando en el blog cual ser\u00e1 el estilo que imprima a mis fotos sociales en mi colaboraci\u00f3n con <a href=\"http:\/\/www.eselfotografia.com\/\" target=\"_blank\">ESEL Fotograf\u00eda<\/a>.<\/p>\n<p style=\"text-align: justify;\">Disfrutamos much\u00edsmo ayer realizando estas fotos que a mi personalmente me est\u00e1n sirviendo para poner en pr\u00e1ctica t\u00e9cnicas distintas a las que he venido empleando hasta ahora. He de reconocer que le he cogido gustillo a eso de colocar gente delante del objetivo en mis rincones favoritos, sobre todo cuando ves en esas personas la satisfacci\u00f3n de estar admirando un enclave especial. Es una manera distinta de disfrutar de la fotograf\u00eda, compartiendo instantes de luz \u00fanicos con gente que aprecia el estar en ese lugar tanto como t\u00fa mismo.<\/p>\n<p style=\"text-align: justify;\">Antes de mostraros las fotos, quisiera darle las gracias a Txus y Argi\u00f1e por su amabilidad para posar para Esther y para mi. Nos gusta mucho como han quedado las fotos. Esperamos que a vosotros tambi\u00e9n&#8230; Pos\u00e1steis como aut\u00e9nticos profesionales y nos hic\u00edsteis el trabajo muy f\u00e1cil. Eskerrik asko!<\/p>\n<p style=\"text-align: justify;\">Como aviso a los lectores, comentar que las fotos est\u00e1n a un tama\u00f1o reducido (533 pixeles) y que tan solo pueden visualizarse a ese tama\u00f1o.<\/p>\n<p style=\"text-align: center;\">ngg_shortcode_0_placeholder<\/p>\n","protected":false},"excerpt":{"rendered":"<p>Con este reportaje realizado ayer a esta pareja de buenos amigos, sigo mostrando en el blog cual ser\u00e1 el estilo que imprima a mis fotos sociales en mi colaboraci\u00f3n con ESEL Fotograf\u00eda. Disfrutamos much\u00edsmo ayer realizando estas fotos que a mi personalmente me est\u00e1n sirviendo para poner en pr\u00e1ctica t\u00e9cnicas distintas a las que he [&hellip;]<\/p>\n","protected":false},"author":1,"featured_media":0,"comment_status":"open","ping_status":"open","sticky":false,"template":"","format":"standard","meta":{"ngg_post_thumbnail":0,"footnotes":""},"categories":[6],"tags":[],"class_list":["post-1280","post","type-post","status-publish","format-standard","hentry","category-fotografia","entry"],"_links":{"self":[{"href":"https:\/\/www.lamborena.com\/index.php?rest_route=\/wp\/v2\/posts\/1280","targetHints":{"allow":["GET"]}}],"collection":[{"href":"https:\/\/www.lamborena.com\/index.php?rest_route=\/wp\/v2\/posts"}],"about":[{"href":"https:\/\/www.lamborena.com\/index.php?rest_route=\/wp\/v2\/types\/post"}],"author":[{"embeddable":true,"href":"https:\/\/www.lamborena.com\/index.php?rest_route=\/wp\/v2\/users\/1"}],"replies":[{"embeddable":true,"href":"https:\/\/www.lamborena.com\/index.php?rest_route=%2Fwp%2Fv2%2Fcomments&post=1280"}],"version-history":[{"count":4,"href":"https:\/\/www.lamborena.com\/index.php?rest_route=\/wp\/v2\/posts\/1280\/revisions"}],"predecessor-version":[{"id":1290,"href":"https:\/\/www.lamborena.com\/index.php?rest_route=\/wp\/v2\/posts\/1280\/revisions\/1290"}],"wp:attachment":[{"href":"https:\/\/www.lamborena.com\/index.php?rest_route=%2Fwp%2Fv2%2Fmedia&parent=1280"}],"wp:term":[{"taxonomy":"category","embeddable":true,"href":"https:\/\/www.lamborena.com\/index.php?rest_route=%2Fwp%2Fv2%2Fcategories&post=1280"},{"taxonomy":"post_tag","embeddable":true,"href":"https:\/\/www.lamborena.com\/index.php?rest_route=%2Fwp%2Fv2%2Ftags&post=1280"}],"curies":[{"name":"wp","href":"https:\/\/api.w.org\/{rel}","templated":true}]}}