{"id":1291,"date":"2010-07-08T01:08:57","date_gmt":"2010-07-07T23:08:57","guid":{"rendered":"http:\/\/www.lamborena.com\/?p=1291"},"modified":"2010-07-08T01:08:57","modified_gmt":"2010-07-07T23:08:57","slug":"pasado-minero","status":"publish","type":"post","link":"https:\/\/www.lamborena.com\/?p=1291","title":{"rendered":"Pasado minero"},"content":{"rendered":"<p style=\"text-align: justify;\">Pese a haber subido estos d\u00edas varios reportajes sociales unidos al paisaje al blog, no he renunciado, ni mucho menos, a mis or\u00edgenes y preferencias en lo fotogr\u00e1fico y sigo dedicando la mayor parte de mi tiempo a lo que m\u00e1s me gusta: La fotograf\u00eda de naturaleza.<\/p>\n<p style=\"text-align: justify;\">Hoy os voy a presentar dos fotos que componen una serie realizada el pasado mes de mayo en La Juncosa. Se trata de una toma horizontal que he titulado \u00abCant\u00e1brico soft\u00bb en alusi\u00f3n a los colores suaves obtenidos en ella y una vertical titulada \u00abPasado minero\u00bb ya que unos de los protagonistas de la toma es una veta de mineral.<\/p>\n<p style=\"text-align: center;\"><img decoding=\"async\" style=\"border: 2px solid black;\" src=\"http:\/\/farm5.static.flickr.com\/4030\/4619458491_9573631e32.jpg\" alt=\"\" \/><\/p>\n<p style=\"text-align: justify;\">Esta serie la realic\u00e9 en compa\u00f1\u00eda de Jose Ramos en una zona a la que nunca me hab\u00eda atrevido a acercarme en solitario, en la parte izquierda de La Juncosa. La verdad es que la marea tiene que estar bastante baja para poder acercarse y a parte de eso, tiene alg\u00fan peligro, con lo que no es conveniente ir en sin compa\u00f1\u00eda.<\/p>\n<p style=\"text-align: justify;\">Como comprobar\u00e9is por el estado del agua, ambas son largas exposiciones, obtenidas mediante el uso de un filtro de densidad neutra. A parte de ese filtro, tambi\u00e9n utilic\u00e9 un degradado inverso de tres pasos de la marca brit\u00e1nica Hitech para compensar la diferencia de luz entre distintos planos.<\/p>\n<p style=\"text-align: justify;\">Las dos est\u00e1n realizadas con el Canon 17-40 F4-L montado en la 5d Mark II.<\/p>\n<p style=\"text-align: justify;\">Os dejo con ellas, esperando que disfrut\u00e9is con su visionado. Laster arte!<\/p>\n<p style=\"text-align: center;\"><img decoding=\"async\" style=\"border: 2px solid black;\" src=\"http:\/\/farm4.static.flickr.com\/3333\/4613239770_2d0ffe2e26.jpg\" alt=\"\" \/><\/p>\n","protected":false},"excerpt":{"rendered":"<p>Pese a haber subido estos d\u00edas varios reportajes sociales unidos al paisaje al blog, no he renunciado, ni mucho menos, a mis or\u00edgenes y preferencias en lo fotogr\u00e1fico y sigo dedicando la mayor parte de mi tiempo a lo que m\u00e1s me gusta: La fotograf\u00eda de naturaleza. Hoy os voy a presentar dos fotos que [&hellip;]<\/p>\n","protected":false},"author":1,"featured_media":0,"comment_status":"open","ping_status":"open","sticky":false,"template":"","format":"standard","meta":{"ngg_post_thumbnail":0,"footnotes":""},"categories":[6],"tags":[746,760,675,690,53,55,667,693,741,361,88,275,276,772,1494,18,129],"class_list":["post-1291","post","type-post","status-publish","format-standard","hentry","category-fotografia","tag-5d-mark-2","tag-5d-mark-ii","tag-5d2","tag-5dii","tag-andoni-lamborena","tag-canon","tag-canon-17-40","tag-canon-5d-mark-2","tag-degradado-inverso-hitech","tag-filtros-hitech","tag-fotos-de-muskiz","tag-hitech","tag-hitech-filters","tag-hitech-inverso","tag-lamborena","tag-muskiz","tag-muskizko-argazkiak","entry"],"_links":{"self":[{"href":"https:\/\/www.lamborena.com\/index.php?rest_route=\/wp\/v2\/posts\/1291","targetHints":{"allow":["GET"]}}],"collection":[{"href":"https:\/\/www.lamborena.com\/index.php?rest_route=\/wp\/v2\/posts"}],"about":[{"href":"https:\/\/www.lamborena.com\/index.php?rest_route=\/wp\/v2\/types\/post"}],"author":[{"embeddable":true,"href":"https:\/\/www.lamborena.com\/index.php?rest_route=\/wp\/v2\/users\/1"}],"replies":[{"embeddable":true,"href":"https:\/\/www.lamborena.com\/index.php?rest_route=%2Fwp%2Fv2%2Fcomments&post=1291"}],"version-history":[{"count":2,"href":"https:\/\/www.lamborena.com\/index.php?rest_route=\/wp\/v2\/posts\/1291\/revisions"}],"predecessor-version":[{"id":1293,"href":"https:\/\/www.lamborena.com\/index.php?rest_route=\/wp\/v2\/posts\/1291\/revisions\/1293"}],"wp:attachment":[{"href":"https:\/\/www.lamborena.com\/index.php?rest_route=%2Fwp%2Fv2%2Fmedia&parent=1291"}],"wp:term":[{"taxonomy":"category","embeddable":true,"href":"https:\/\/www.lamborena.com\/index.php?rest_route=%2Fwp%2Fv2%2Fcategories&post=1291"},{"taxonomy":"post_tag","embeddable":true,"href":"https:\/\/www.lamborena.com\/index.php?rest_route=%2Fwp%2Fv2%2Ftags&post=1291"}],"curies":[{"name":"wp","href":"https:\/\/api.w.org\/{rel}","templated":true}]}}