{"id":1355,"date":"2010-08-26T00:20:48","date_gmt":"2010-08-25T22:20:48","guid":{"rendered":"http:\/\/www.lamborena.com\/?p=1355"},"modified":"2010-08-26T00:20:48","modified_gmt":"2010-08-25T22:20:48","slug":"barrika-otro-paraiso-para-la-fotografia","status":"publish","type":"post","link":"https:\/\/www.lamborena.com\/?p=1355","title":{"rendered":"Barrika, otro para\u00edso para la fotograf\u00eda"},"content":{"rendered":"<p style=\"text-align: justify;\">Hace casi un mes, el d\u00eda de mi 35 cumplea\u00f1os, ilustr\u00e9 el post del d\u00eda con una foto de Barrika. En aquella ocasi\u00f3n coment\u00e9 que esa foto es una de las que m\u00e1s me gustan de las que he realizado durante estos cuatro a\u00f1os de afici\u00f3n.<\/p>\n<p style=\"text-align: justify;\">Hoy vuelvo a traer esa toma al blog para darle la presentaci\u00f3n que merece. La traigo acompa\u00f1ada de sus dos compa\u00f1eras de serie, algo que es poco habitual. Normalmente suelo presentar las fotos de una en una, pero creo que hoy, al hablar de la playa de Barrika, merece la pena que muestre las tres tomas que he revelado de aquel atardecer.<\/p>\n<p style=\"text-align: center;\"><img loading=\"lazy\" decoding=\"async\" style=\"border: 2px solid black;\" src=\"http:\/\/farm2.static.flickr.com\/1304\/4685972549_99d2311248.jpg\" alt=\"\" width=\"500\" height=\"333\" \/><\/p>\n<p style=\"text-align: justify;\">Estoy muy satisfecho con el resultado de aquella sesi\u00f3n. Las tres fotos me gustan. Las tengo reveladas todas (una de ella a 90&#215;60) y he de decir que en papel lucen mucho.<\/p>\n<p style=\"text-align: justify;\">Si ya es raro que presente m\u00e1s de una foto en un post, m\u00e1s raro es a\u00fan que todas las fotos de una misma sesi\u00f3n sean horizontales. Todos sab\u00e9is de mi predilecci\u00f3n por las tomas verticales, pero en aquella ocasi\u00f3n, las circunstancias me pidieron encuadres panor\u00e1micos. De dar profundidad a las tomas se encargaron los elementos, sin tener que recurrir al formato retrato por una vez&#8230;<\/p>\n<p style=\"text-align: justify;\">Las tres son largas exposiciones. La primera, la que he puesto arriba, titulada \u00abhondartza ixilik\u00bb tiene algo m\u00e1s de 3 segundos de exposici\u00f3n. Lo justo para captar el retorno de las olas con su correspondiente estela blanca. La segunda, la que va siguiendo este p\u00e1rrafo tiene una exposici\u00f3n de 230 segundos. De ah\u00ed su t\u00edtulo \u00abBarrika 230\u00bb. Por \u00faltimo, la foto que cierra el post, \u00abClassical Barrika\u00bb tiene 20 segundos de exposici\u00f3n.<\/p>\n<p style=\"text-align: center;\"><img decoding=\"async\" style=\"border: 2px solid black;\" src=\"http:\/\/farm5.static.flickr.com\/4006\/4697162843_d361f8a235.jpg\" alt=\"\" \/><\/p>\n<p style=\"text-align: justify;\">Para terminar con la presentaci\u00f3n de esta serie, os comentar\u00e9 que est\u00e1n todas ellas realizadas con la inestimable ayuda del filtro degradado inverso \u00abHitech\u00bb del que os he hablado recientemente. Creo humildemente que la combinaci\u00f3n 5d Mark II, 17-40-L y filtros Hitech me va a dar muchas alegr\u00edas fotogr\u00e1ficas. Los meses que llevan conmigo, me est\u00e1n haciendo disfrutar un mont\u00f3n de esta afici\u00f3n que poco a poco ha ido convirtiendose en pasi\u00f3n.<\/p>\n<p style=\"text-align: justify;\">Os dejo con la \u00faltima foto. Espero que os gusten tanto como a mi. Laster arte!<\/p>\n<p style=\"text-align: center;\"><img decoding=\"async\" style=\"border: 2px solid black;\" src=\"http:\/\/farm5.static.flickr.com\/4064\/4718185091_d2a02bbf27.jpg\" alt=\"\" \/><\/p>\n<p style=\"text-align: justify;\">P.D. Premio para el que encuentre al pescador!! jejeje!!<\/p>\n","protected":false},"excerpt":{"rendered":"<p>Hace casi un mes, el d\u00eda de mi 35 cumplea\u00f1os, ilustr\u00e9 el post del d\u00eda con una foto de Barrika. En aquella ocasi\u00f3n coment\u00e9 que esa foto es una de las que m\u00e1s me gustan de las que he realizado durante estos cuatro a\u00f1os de afici\u00f3n. Hoy vuelvo a traer esa toma al blog para [&hellip;]<\/p>\n","protected":false},"author":1,"featured_media":0,"comment_status":"open","ping_status":"open","sticky":false,"template":"","format":"standard","meta":{"ngg_post_thumbnail":0,"footnotes":""},"categories":[6],"tags":[53,652,821,807,55,361,275,276,1494,571,98,820,775],"class_list":["post-1355","post","type-post","status-publish","format-standard","hentry","category-fotografia","tag-andoni-lamborena","tag-barrika","tag-barrika-hondartza","tag-barrikako-hondartza","tag-canon","tag-filtros-hitech","tag-hitech","tag-hitech-filters","tag-lamborena","tag-lamborena-barreras","tag-lamborena-fotografia","tag-playa-barrika","tag-playa-de-barrika","entry"],"_links":{"self":[{"href":"https:\/\/www.lamborena.com\/index.php?rest_route=\/wp\/v2\/posts\/1355","targetHints":{"allow":["GET"]}}],"collection":[{"href":"https:\/\/www.lamborena.com\/index.php?rest_route=\/wp\/v2\/posts"}],"about":[{"href":"https:\/\/www.lamborena.com\/index.php?rest_route=\/wp\/v2\/types\/post"}],"author":[{"embeddable":true,"href":"https:\/\/www.lamborena.com\/index.php?rest_route=\/wp\/v2\/users\/1"}],"replies":[{"embeddable":true,"href":"https:\/\/www.lamborena.com\/index.php?rest_route=%2Fwp%2Fv2%2Fcomments&post=1355"}],"version-history":[{"count":2,"href":"https:\/\/www.lamborena.com\/index.php?rest_route=\/wp\/v2\/posts\/1355\/revisions"}],"predecessor-version":[{"id":1357,"href":"https:\/\/www.lamborena.com\/index.php?rest_route=\/wp\/v2\/posts\/1355\/revisions\/1357"}],"wp:attachment":[{"href":"https:\/\/www.lamborena.com\/index.php?rest_route=%2Fwp%2Fv2%2Fmedia&parent=1355"}],"wp:term":[{"taxonomy":"category","embeddable":true,"href":"https:\/\/www.lamborena.com\/index.php?rest_route=%2Fwp%2Fv2%2Fcategories&post=1355"},{"taxonomy":"post_tag","embeddable":true,"href":"https:\/\/www.lamborena.com\/index.php?rest_route=%2Fwp%2Fv2%2Ftags&post=1355"}],"curies":[{"name":"wp","href":"https:\/\/api.w.org\/{rel}","templated":true}]}}