{"id":1363,"date":"2010-09-08T11:15:08","date_gmt":"2010-09-08T09:15:08","guid":{"rendered":"http:\/\/www.lamborena.com\/?p=1363"},"modified":"2010-09-08T11:15:08","modified_gmt":"2010-09-08T09:15:08","slug":"la-cercada-under-water","status":"publish","type":"post","link":"https:\/\/www.lamborena.com\/?p=1363","title":{"rendered":"La Cercada under water"},"content":{"rendered":"<p style=\"text-align: justify;\">Este inicio de curso est\u00e1 siendo matador y no me da tiempo para actualizar el blog, con todas las tardes ocupadas&#8230; Como casi siempre, me tengo que servir de la publicaci\u00f3n autom\u00e1tica que ofrece wordpress para no publicar a horas intempestivas&#8230;<\/p>\n<p style=\"text-align: justify;\">Hoy os presento una foto sencilla. No es de las que m\u00e1s me gusten, pero tambi\u00e9n merece su espacio en el blog. Se trata de una foto en la que decid\u00ed colocar las rocas de La Cercada como \u00fanicas protagonistas de la escena. Si en otras ocasiones han compartido protagonismo con Punta Lucero, esta vez les toc\u00f3 posar a ellas solitas para mi objetivo.<\/p>\n<p style=\"text-align: justify;\">Para darle algo de vistosidad a la toma en un d\u00eda tan soso como aquel, decid\u00ed utilizar el polarizador circular para ganar visibilidad bajo el agua. Creo que consegu\u00ed el objetivo y pueden verse con claridad las rocas que habitualmente no vemos.<\/p>\n<p style=\"text-align: justify;\">Os dejo con esta toma sencilla. A ver si esta semana puedo volver a escribir, pero lo veo dif\u00edcil! Laster arte!<\/p>\n<p style=\"text-align: center;\"><img decoding=\"async\" style=\"border: 2px solid black;\" src=\"http:\/\/farm5.static.flickr.com\/4071\/4709710563_bb9fd51437.jpg\" alt=\"\" \/><\/p>\n","protected":false},"excerpt":{"rendered":"<p>Este inicio de curso est\u00e1 siendo matador y no me da tiempo para actualizar el blog, con todas las tardes ocupadas&#8230; Como casi siempre, me tengo que servir de la publicaci\u00f3n autom\u00e1tica que ofrece wordpress para no publicar a horas intempestivas&#8230; Hoy os presento una foto sencilla. No es de las que m\u00e1s me gusten, [&hellip;]<\/p>\n","protected":false},"author":1,"featured_media":0,"comment_status":"open","ping_status":"open","sticky":false,"template":"","format":"standard","meta":{"ngg_post_thumbnail":0,"footnotes":""},"categories":[6],"tags":[53,51,361,275,276,68,50,70,1494,18,612,359,219,218,450],"class_list":["post-1363","post","type-post","status-publish","format-standard","hentry","category-fotografia","tag-andoni-lamborena","tag-cobaron","tag-filtros-hitech","tag-hitech","tag-hitech-filters","tag-itsaslur","tag-kobaron","tag-la-cercada","tag-lamborena","tag-muskiz","tag-parque-itsaslur","tag-paseo-itsaslur","tag-piedras","tag-rocas","tag-rodenstock","entry"],"_links":{"self":[{"href":"https:\/\/www.lamborena.com\/index.php?rest_route=\/wp\/v2\/posts\/1363","targetHints":{"allow":["GET"]}}],"collection":[{"href":"https:\/\/www.lamborena.com\/index.php?rest_route=\/wp\/v2\/posts"}],"about":[{"href":"https:\/\/www.lamborena.com\/index.php?rest_route=\/wp\/v2\/types\/post"}],"author":[{"embeddable":true,"href":"https:\/\/www.lamborena.com\/index.php?rest_route=\/wp\/v2\/users\/1"}],"replies":[{"embeddable":true,"href":"https:\/\/www.lamborena.com\/index.php?rest_route=%2Fwp%2Fv2%2Fcomments&post=1363"}],"version-history":[{"count":2,"href":"https:\/\/www.lamborena.com\/index.php?rest_route=\/wp\/v2\/posts\/1363\/revisions"}],"predecessor-version":[{"id":1365,"href":"https:\/\/www.lamborena.com\/index.php?rest_route=\/wp\/v2\/posts\/1363\/revisions\/1365"}],"wp:attachment":[{"href":"https:\/\/www.lamborena.com\/index.php?rest_route=%2Fwp%2Fv2%2Fmedia&parent=1363"}],"wp:term":[{"taxonomy":"category","embeddable":true,"href":"https:\/\/www.lamborena.com\/index.php?rest_route=%2Fwp%2Fv2%2Fcategories&post=1363"},{"taxonomy":"post_tag","embeddable":true,"href":"https:\/\/www.lamborena.com\/index.php?rest_route=%2Fwp%2Fv2%2Ftags&post=1363"}],"curies":[{"name":"wp","href":"https:\/\/api.w.org\/{rel}","templated":true}]}}