{"id":1404,"date":"2010-10-14T13:36:27","date_gmt":"2010-10-14T11:36:27","guid":{"rendered":"http:\/\/www.lamborena.com\/?p=1404"},"modified":"2010-10-14T13:36:27","modified_gmt":"2010-10-14T11:36:27","slug":"riguelo-txintxurentzat","status":"publish","type":"post","link":"https:\/\/www.lamborena.com\/?p=1404","title":{"rendered":"Rig\u00fcelo (Txintxurentzat)"},"content":{"rendered":"<p style=\"text-align: justify;\">Dedicada con cari\u00f1o a mi buen amigo <a href=\"http:\/\/txintxu.blogspot.com\/\" target=\"_blank\">Joserra Txintxurreta<\/a>. Ya le hice una peque\u00f1a dedicatoria en flickr, as\u00ed que ahora que ha llegado la hora de presentar la foto en el blog, no pod\u00eda dejar pasar la oportunidad para acordarme de nuevo de \u00e9l. Zuretzat Joserra, adiskidetasunez!<\/p>\n<p style=\"text-align: justify;\">Empiezo hoy con las pocas fotos que me traje de las vacaciones de verano en Pirineos. Una vacaciones en las que lo pasamos genial en familia y en las que las fotos estuvieron en un segundo plano.<\/p>\n<p style=\"text-align: justify;\">Esta es la que m\u00e1s me gusta de todas las que hice. Est\u00e1 realizada en un bello paraje del pirineo oscense, cerca de A\u00edsa, en un lugar llamado \u00abPraderas de Rig\u00fcelo\u00bb. El sitio es de muy f\u00e1cil acceso y merece la pena visitarlo. Subimos los cuatro de casa caminando y en algo m\u00e1s de un cuarto de hora nos encontr\u00e1bamos paseando por una pradera espectacular, adornada por el paso de un par de r\u00edos que ha hac\u00edan m\u00e1s interesante a\u00fan.<\/p>\n<p style=\"text-align: justify;\">Mientras el resto de la familia daba un paseo por el lugar, tuve un ratito para inmortalizar este peque\u00f1o salto de agua. Era un d\u00eda apagado, pero a\u00fan as\u00ed, se reflejaba mucha luz. Tuve que usar el ND400 para conseguir una exposici\u00f3n m\u00ednimamente larga como para obtener efecto seda en el agua. Fue de los pocos d\u00edas que consegu\u00ed ver nubes y para obtener un m\u00ednimo de detalle en el cielo, tuve que utilizar un degradado neutro de 2 pasos y de transici\u00f3n suave.<\/p>\n<p style=\"text-align: justify;\">Os dejo con la foto. Laster arte!<\/p>\n<p style=\"text-align: center;\"><img decoding=\"async\" style=\"border: 2px solid black;\" src=\"http:\/\/farm5.static.flickr.com\/4103\/4841622281_38dde550c0.jpg\" alt=\"\" \/><\/p>\n","protected":false},"excerpt":{"rendered":"<p>Dedicada con cari\u00f1o a mi buen amigo Joserra Txintxurreta. Ya le hice una peque\u00f1a dedicatoria en flickr, as\u00ed que ahora que ha llegado la hora de presentar la foto en el blog, no pod\u00eda dejar pasar la oportunidad para acordarme de nuevo de \u00e9l. Zuretzat Joserra, adiskidetasunez! Empiezo hoy con las pocas fotos que me [&hellip;]<\/p>\n","protected":false},"author":1,"featured_media":0,"comment_status":"open","ping_status":"open","sticky":false,"template":"","format":"standard","meta":{"ngg_post_thumbnail":0,"footnotes":""},"categories":[6],"tags":[746,675,690,831,53,55,300,835,832,1494,833,834,830,829],"class_list":["post-1404","post","type-post","status-publish","format-standard","hentry","category-fotografia","tag-5d-mark-2","tag-5d2","tag-5dii","tag-aisa","tag-andoni-lamborena","tag-canon","tag-hoya","tag-hoya-nd400","tag-huesca","tag-lamborena","tag-pirineo-aragones","tag-pirineos","tag-praderas-de-riguelo","tag-riguelo","entry"],"_links":{"self":[{"href":"https:\/\/www.lamborena.com\/index.php?rest_route=\/wp\/v2\/posts\/1404","targetHints":{"allow":["GET"]}}],"collection":[{"href":"https:\/\/www.lamborena.com\/index.php?rest_route=\/wp\/v2\/posts"}],"about":[{"href":"https:\/\/www.lamborena.com\/index.php?rest_route=\/wp\/v2\/types\/post"}],"author":[{"embeddable":true,"href":"https:\/\/www.lamborena.com\/index.php?rest_route=\/wp\/v2\/users\/1"}],"replies":[{"embeddable":true,"href":"https:\/\/www.lamborena.com\/index.php?rest_route=%2Fwp%2Fv2%2Fcomments&post=1404"}],"version-history":[{"count":2,"href":"https:\/\/www.lamborena.com\/index.php?rest_route=\/wp\/v2\/posts\/1404\/revisions"}],"predecessor-version":[{"id":1406,"href":"https:\/\/www.lamborena.com\/index.php?rest_route=\/wp\/v2\/posts\/1404\/revisions\/1406"}],"wp:attachment":[{"href":"https:\/\/www.lamborena.com\/index.php?rest_route=%2Fwp%2Fv2%2Fmedia&parent=1404"}],"wp:term":[{"taxonomy":"category","embeddable":true,"href":"https:\/\/www.lamborena.com\/index.php?rest_route=%2Fwp%2Fv2%2Fcategories&post=1404"},{"taxonomy":"post_tag","embeddable":true,"href":"https:\/\/www.lamborena.com\/index.php?rest_route=%2Fwp%2Fv2%2Ftags&post=1404"}],"curies":[{"name":"wp","href":"https:\/\/api.w.org\/{rel}","templated":true}]}}