{"id":1407,"date":"2010-10-17T23:11:31","date_gmt":"2010-10-17T21:11:31","guid":{"rendered":"http:\/\/www.lamborena.com\/?p=1407"},"modified":"2010-10-17T23:11:31","modified_gmt":"2010-10-17T21:11:31","slug":"rincon-en-oza","status":"publish","type":"post","link":"https:\/\/www.lamborena.com\/?p=1407","title":{"rendered":"Rinc\u00f3n en Oza"},"content":{"rendered":"<p style=\"text-align: justify;\">La selva de Oza es un lugar espectacular. Me encantar\u00eda poder visitarlo este oto\u00f1o, pero me temo que ser\u00e1 imposible&#8230; Este verano lo pude conocer durante las vacaciones y qued\u00e9 gratamente sorprendido por la belleza de sus paisajes.<\/p>\n<p style=\"text-align: justify;\">Mientras el resto de la familia descansaba en una pradera, tuve un rato para darme un paseo de media hora por la zona. La verdad es que solo hice un par de fotos porque el d\u00eda y la hora no daban para mucho m\u00e1s. Era mediod\u00eda y el sol apretaba con ganas. Luz dura y ausencia de nubes no son situaciones que a los aficionados a la fotograf\u00eda paisaj\u00edstica nos agraden demasiado&#8230;<\/p>\n<p style=\"text-align: justify;\">Para realizar esta toma \u00fanicamente utilic\u00e9 el polarizador circular \u00abRodenstock\u00bb. No fue necesario utilizar ning\u00fan degradado neutro.<\/p>\n<p style=\"text-align: justify;\">Es de las pocas fotos que tengo de vacaciones. Pese a no hacer muchas, al menos el periodo me sirvi\u00f3 para conocer sitios para posteriores ocasiones&#8230;<\/p>\n<p style=\"text-align: justify;\">Os dejo con esta toma de un rinconcito en las afueras de la selva de Oza, Huesca. Laster arte!<\/p>\n<p style=\"text-align: center;\"><img decoding=\"async\" style=\"border: 2px solid black;\" src=\"http:\/\/farm5.static.flickr.com\/4122\/4859780826_f7fc848f54.jpg\" alt=\"\" \/><\/p>\n","protected":false},"excerpt":{"rendered":"<p>La selva de Oza es un lugar espectacular. Me encantar\u00eda poder visitarlo este oto\u00f1o, pero me temo que ser\u00e1 imposible&#8230; Este verano lo pude conocer durante las vacaciones y qued\u00e9 gratamente sorprendido por la belleza de sus paisajes. Mientras el resto de la familia descansaba en una pradera, tuve un rato para darme un paseo [&hellip;]<\/p>\n","protected":false},"author":1,"featured_media":0,"comment_status":"open","ping_status":"open","sticky":false,"template":"","format":"standard","meta":{"ngg_post_thumbnail":0,"footnotes":""},"categories":[6],"tags":[840,53,55,701,841,838,832,1494,836,450,837,839],"class_list":["post-1407","post","type-post","status-publish","format-standard","hentry","category-fotografia","tag-acherito","tag-andoni-lamborena","tag-canon","tag-canon-eos-5d-mark-2","tag-castillo-de-acher","tag-hecho","tag-huesca","tag-lamborena","tag-oza","tag-rodenstock","tag-selva-de-oza","tag-valle-de-hecho","entry"],"_links":{"self":[{"href":"https:\/\/www.lamborena.com\/index.php?rest_route=\/wp\/v2\/posts\/1407","targetHints":{"allow":["GET"]}}],"collection":[{"href":"https:\/\/www.lamborena.com\/index.php?rest_route=\/wp\/v2\/posts"}],"about":[{"href":"https:\/\/www.lamborena.com\/index.php?rest_route=\/wp\/v2\/types\/post"}],"author":[{"embeddable":true,"href":"https:\/\/www.lamborena.com\/index.php?rest_route=\/wp\/v2\/users\/1"}],"replies":[{"embeddable":true,"href":"https:\/\/www.lamborena.com\/index.php?rest_route=%2Fwp%2Fv2%2Fcomments&post=1407"}],"version-history":[{"count":1,"href":"https:\/\/www.lamborena.com\/index.php?rest_route=\/wp\/v2\/posts\/1407\/revisions"}],"predecessor-version":[{"id":1408,"href":"https:\/\/www.lamborena.com\/index.php?rest_route=\/wp\/v2\/posts\/1407\/revisions\/1408"}],"wp:attachment":[{"href":"https:\/\/www.lamborena.com\/index.php?rest_route=%2Fwp%2Fv2%2Fmedia&parent=1407"}],"wp:term":[{"taxonomy":"category","embeddable":true,"href":"https:\/\/www.lamborena.com\/index.php?rest_route=%2Fwp%2Fv2%2Fcategories&post=1407"},{"taxonomy":"post_tag","embeddable":true,"href":"https:\/\/www.lamborena.com\/index.php?rest_route=%2Fwp%2Fv2%2Ftags&post=1407"}],"curies":[{"name":"wp","href":"https:\/\/api.w.org\/{rel}","templated":true}]}}