{"id":1427,"date":"2010-11-08T12:26:13","date_gmt":"2010-11-08T10:26:13","guid":{"rendered":"http:\/\/www.lamborena.com\/?p=1427"},"modified":"2010-11-08T12:26:13","modified_gmt":"2010-11-08T10:26:13","slug":"la-arenako-isladak","status":"publish","type":"post","link":"https:\/\/www.lamborena.com\/?p=1427","title":{"rendered":"La Arenako isladak"},"content":{"rendered":"<p style=\"text-align: center;\"><img decoding=\"async\" style=\"border: 2px solid black;\" src=\"http:\/\/farm5.static.flickr.com\/4081\/4915387091_fd7d76fb1e.jpg\" alt=\"\" \/><\/p>\n<p style=\"text-align: justify;\">Hace mucho tiempo que no subo dos fotos en el mismo post. Hoy toca. Os voy a presentar en este mismo post dos fotos de la serie realizada en la playa de La Arena el pasado verano.<\/p>\n<p style=\"text-align: justify;\">Encontramos la marea bastante baja, con lo que tuvimos que recorrer un buen trecho para acercarnos al agua. Aquel d\u00eda no hab\u00eda ning\u00fan elemento de inter\u00e9s suelto por la arena, as\u00ed que decid\u00ed jugar con los reflejos que quedan en la l\u00e1mina de agua tras el retorno de las olas.<\/p>\n<p>Las fotos tienen muchas cosas en com\u00fan. El rasgo diferenciador m\u00e1s evidente es la orientaci\u00f3n de las mismas. La primera est\u00e1 tomada con la zona de Itsaslur como referencia visual y la segunda en cambio con la zona de El Lastr\u00f3n.<\/p>\n<p>En cuanto a la t\u00e9cnica utilizada, en esta ocasi\u00f3n, para la primera foto utilic\u00e9 un ISO 400 despu\u00e9s de calcular cuanto tiempo estaban las olas sin llegar a la zona de reflejos para conseguir un disparo que me asegurase que el reflejo se iba a ver. La exposici\u00f3n de la primera toma es de 15 segundos. Para la segunda no fue necesario subir el ISO, ya que a 100 se consegu\u00edan 13 segundos de exposici\u00f3n.<\/p>\n<p>En lo que a filtros se refiere, utilic\u00e9 un degradado inverso de la marca Hitech.<\/p>\n<p>Sin m\u00e1s, os dejo con la segunda foto. Laster arte!<\/p>\n<p style=\"text-align: center;\"><img loading=\"lazy\" decoding=\"async\" style=\"border: 2px solid black;\" src=\"http:\/\/farm5.static.flickr.com\/4079\/4928610395_da7b08f5bb.jpg\" alt=\"\" width=\"500\" height=\"333\" \/><\/p>\n","protected":false},"excerpt":{"rendered":"<p>Hace mucho tiempo que no subo dos fotos en el mismo post. Hoy toca. Os voy a presentar en este mismo post dos fotos de la serie realizada en la playa de La Arena el pasado verano. Encontramos la marea bastante baja, con lo que tuvimos que recorrer un buen trecho para acercarnos al agua. [&hellip;]<\/p>\n","protected":false},"author":1,"featured_media":0,"comment_status":"open","ping_status":"open","sticky":false,"template":"","format":"standard","meta":{"ngg_post_thumbnail":0,"footnotes":""},"categories":[6],"tags":[746,760,53,55,696,361,275,276,7,71,1494,18,39,82,72],"class_list":["post-1427","post","type-post","status-publish","format-standard","hentry","category-fotografia","tag-5d-mark-2","tag-5d-mark-ii","tag-andoni-lamborena","tag-canon","tag-canon-eos-5d-mark-ii","tag-filtros-hitech","tag-hitech","tag-hitech-filters","tag-la-arena","tag-la-arena-hondartza","tag-lamborena","tag-muskiz","tag-playa-de-la-arena","tag-playa-la-arena","tag-zierbena","entry"],"_links":{"self":[{"href":"https:\/\/www.lamborena.com\/index.php?rest_route=\/wp\/v2\/posts\/1427","targetHints":{"allow":["GET"]}}],"collection":[{"href":"https:\/\/www.lamborena.com\/index.php?rest_route=\/wp\/v2\/posts"}],"about":[{"href":"https:\/\/www.lamborena.com\/index.php?rest_route=\/wp\/v2\/types\/post"}],"author":[{"embeddable":true,"href":"https:\/\/www.lamborena.com\/index.php?rest_route=\/wp\/v2\/users\/1"}],"replies":[{"embeddable":true,"href":"https:\/\/www.lamborena.com\/index.php?rest_route=%2Fwp%2Fv2%2Fcomments&post=1427"}],"version-history":[{"count":2,"href":"https:\/\/www.lamborena.com\/index.php?rest_route=\/wp\/v2\/posts\/1427\/revisions"}],"predecessor-version":[{"id":1429,"href":"https:\/\/www.lamborena.com\/index.php?rest_route=\/wp\/v2\/posts\/1427\/revisions\/1429"}],"wp:attachment":[{"href":"https:\/\/www.lamborena.com\/index.php?rest_route=%2Fwp%2Fv2%2Fmedia&parent=1427"}],"wp:term":[{"taxonomy":"category","embeddable":true,"href":"https:\/\/www.lamborena.com\/index.php?rest_route=%2Fwp%2Fv2%2Fcategories&post=1427"},{"taxonomy":"post_tag","embeddable":true,"href":"https:\/\/www.lamborena.com\/index.php?rest_route=%2Fwp%2Fv2%2Ftags&post=1427"}],"curies":[{"name":"wp","href":"https:\/\/api.w.org\/{rel}","templated":true}]}}