{"id":1438,"date":"2010-11-16T21:38:23","date_gmt":"2010-11-16T19:38:23","guid":{"rendered":"http:\/\/www.lamborena.com\/?p=1438"},"modified":"2010-11-16T21:38:23","modified_gmt":"2010-11-16T19:38:23","slug":"barrika-summer-end","status":"publish","type":"post","link":"https:\/\/www.lamborena.com\/?p=1438","title":{"rendered":"Barrika summer end"},"content":{"rendered":"<p style=\"text-align: justify;\">Con la foto de hoy, doy comienzo a la serie realizada el pasado 20 de septiembre en Barrika. No me traje demasiadas fotos, pero s\u00ed que me gustaron bastante las pocas que hice.<\/p>\n<p style=\"text-align: justify;\">Lo que parec\u00eda iba a ser una tarde gris, rompi\u00f3 en un atardecer con un color rojizo que nos permiti\u00f3 algunas tomas interesantes. Esta en concreto, es una toma vertical con una composici\u00f3n simple basada en\u00a0 l\u00edneas gu\u00eda que nos llevan hacia el interior de la foto para terminar confluyendo casi en el cielo adornado con los mencionados tonos rojizos.<\/p>\n<p style=\"text-align: justify;\">La toma tiene dos segundos y medio de exposici\u00f3n a F18 con un filtro degradado inverso de tres pasos. En esta ocasi\u00f3n no us\u00e9 el ND. Buscaba una exposici\u00f3n relativamente corta para lo que suelo hacer, para captar el retorno de la ola en la foto. Lo consegu\u00ed, pero solo a medias puesto que las olas ya no llegaban hasta mi posici\u00f3n.<\/p>\n<p style=\"text-align: justify;\">Aqu\u00ed os dejo la foto. Laster arte!<\/p>\n<p style=\"text-align: center;\"><img decoding=\"async\" style=\"border: 2px solid black;\" src=\"http:\/\/farm5.static.flickr.com\/4149\/5009094783_77724eac14.jpg\" alt=\"\" \/><\/p>\n","protected":false},"excerpt":{"rendered":"<p>Con la foto de hoy, doy comienzo a la serie realizada el pasado 20 de septiembre en Barrika. No me traje demasiadas fotos, pero s\u00ed que me gustaron bastante las pocas que hice. Lo que parec\u00eda iba a ser una tarde gris, rompi\u00f3 en un atardecer con un color rojizo que nos permiti\u00f3 algunas tomas [&hellip;]<\/p>\n","protected":false},"author":1,"featured_media":0,"comment_status":"open","ping_status":"open","sticky":false,"template":"","format":"standard","meta":{"ngg_post_thumbnail":0,"footnotes":""},"categories":[6],"tags":[53,652,19,55,701,361,275,276,1494],"class_list":["post-1438","post","type-post","status-publish","format-standard","hentry","category-fotografia","tag-andoni-lamborena","tag-barrika","tag-bizkaia","tag-canon","tag-canon-eos-5d-mark-2","tag-filtros-hitech","tag-hitech","tag-hitech-filters","tag-lamborena","entry"],"_links":{"self":[{"href":"https:\/\/www.lamborena.com\/index.php?rest_route=\/wp\/v2\/posts\/1438","targetHints":{"allow":["GET"]}}],"collection":[{"href":"https:\/\/www.lamborena.com\/index.php?rest_route=\/wp\/v2\/posts"}],"about":[{"href":"https:\/\/www.lamborena.com\/index.php?rest_route=\/wp\/v2\/types\/post"}],"author":[{"embeddable":true,"href":"https:\/\/www.lamborena.com\/index.php?rest_route=\/wp\/v2\/users\/1"}],"replies":[{"embeddable":true,"href":"https:\/\/www.lamborena.com\/index.php?rest_route=%2Fwp%2Fv2%2Fcomments&post=1438"}],"version-history":[{"count":2,"href":"https:\/\/www.lamborena.com\/index.php?rest_route=\/wp\/v2\/posts\/1438\/revisions"}],"predecessor-version":[{"id":1440,"href":"https:\/\/www.lamborena.com\/index.php?rest_route=\/wp\/v2\/posts\/1438\/revisions\/1440"}],"wp:attachment":[{"href":"https:\/\/www.lamborena.com\/index.php?rest_route=%2Fwp%2Fv2%2Fmedia&parent=1438"}],"wp:term":[{"taxonomy":"category","embeddable":true,"href":"https:\/\/www.lamborena.com\/index.php?rest_route=%2Fwp%2Fv2%2Fcategories&post=1438"},{"taxonomy":"post_tag","embeddable":true,"href":"https:\/\/www.lamborena.com\/index.php?rest_route=%2Fwp%2Fv2%2Ftags&post=1438"}],"curies":[{"name":"wp","href":"https:\/\/api.w.org\/{rel}","templated":true}]}}