{"id":1454,"date":"2010-11-23T00:02:29","date_gmt":"2010-11-22T22:02:29","guid":{"rendered":"http:\/\/www.lamborena.com\/?p=1454"},"modified":"2010-11-23T00:02:29","modified_gmt":"2010-11-22T22:02:29","slug":"atardecer-otonal-en-la-cercada","status":"publish","type":"post","link":"https:\/\/www.lamborena.com\/?p=1454","title":{"rendered":"Atardecer oto\u00f1al en La Cercada"},"content":{"rendered":"<p style=\"text-align: justify;\">Lo de oto\u00f1al, por muy poquito, pero seg\u00fan el calendario, el 26 de septiembre es oto\u00f1o y en esa fecha fue tomada la foto&#8230;<\/p>\n<p style=\"text-align: justify;\">Aquella tarde anduvimos demasiado tarde Jose y yo. Llegamos con el sol escondido y con muy poco tiempo como para explayarnos a gusto, as\u00ed que dispusimos los b\u00e1rtulos a toda velocidad y tuvimos tiempo de al menos un par de disparos o tres. De los m\u00edo, seleccion\u00e9 esta foto. El resto no me convencieron y est\u00e1n deambulando por el disco duro.<\/p>\n<p style=\"text-align: justify;\">Para esta toma busqu\u00e9 un motivo atractivo para colocar en primer plano y lo encontre en ese peque\u00f1a mata de plantas, tan frecuentes en zonas rocosas. Quer\u00eda que las rocas caracter\u00edsticas de La Cercada tuviesen un sitio preferente en la foto. Lo tienen, pero no en el punto que me hubiese gustado. Un poco m\u00e1s a la derecha estar\u00edan mejor, con un poquito m\u00e1s de aire por su izquierda, pero no fue posible. Justo en esa zona izquierda, al fondo, aparec\u00edan las luces de una f\u00e1brica y afeaban mucho la foto. Cuando las luces no est\u00e1n encendidas a penas se percibe su presencia en las fotos, pero a esas horas, era muy visible.<\/p>\n<p style=\"text-align: justify;\">Como casi siempre en este tipo de fotos, utilic\u00e9 el degradado inverso \u00abHitech\u00bb. Los par\u00e1metros t\u00e9cnicos de la toma son los siguientes: ISO100, 22mm, F13 y 13 segundos de exposici\u00f3n con 1\/3 de compensaci\u00f3n negativa de la exposici\u00f3n. Esta compensaci\u00f3n negativa fue obligada por la presencia del claro de luz del fondo, que me complic\u00f3 ligeramente la vida&#8230;<\/p>\n<p style=\"text-align: justify;\">Ma\u00f1ana o pasado m\u00e1s y mejor&#8230; Laster arte!<\/p>\n<p style=\"text-align: center;\"><img decoding=\"async\" style=\"border: 2px solid black;\" src=\"http:\/\/farm5.static.flickr.com\/4090\/5027545812_29e425f7f8.jpg\" alt=\"\" \/><\/p>\n","protected":false},"excerpt":{"rendered":"<p>Lo de oto\u00f1al, por muy poquito, pero seg\u00fan el calendario, el 26 de septiembre es oto\u00f1o y en esa fecha fue tomada la foto&#8230; Aquella tarde anduvimos demasiado tarde Jose y yo. Llegamos con el sol escondido y con muy poco tiempo como para explayarnos a gusto, as\u00ed que dispusimos los b\u00e1rtulos a toda velocidad [&hellip;]<\/p>\n","protected":false},"author":1,"featured_media":0,"comment_status":"open","ping_status":"open","sticky":false,"template":"","format":"standard","meta":{"ngg_post_thumbnail":0,"footnotes":""},"categories":[6],"tags":[675,690,53,55,51,361,88,275,276,50,70,1494,18,129],"class_list":["post-1454","post","type-post","status-publish","format-standard","hentry","category-fotografia","tag-5d2","tag-5dii","tag-andoni-lamborena","tag-canon","tag-cobaron","tag-filtros-hitech","tag-fotos-de-muskiz","tag-hitech","tag-hitech-filters","tag-kobaron","tag-la-cercada","tag-lamborena","tag-muskiz","tag-muskizko-argazkiak","entry"],"_links":{"self":[{"href":"https:\/\/www.lamborena.com\/index.php?rest_route=\/wp\/v2\/posts\/1454","targetHints":{"allow":["GET"]}}],"collection":[{"href":"https:\/\/www.lamborena.com\/index.php?rest_route=\/wp\/v2\/posts"}],"about":[{"href":"https:\/\/www.lamborena.com\/index.php?rest_route=\/wp\/v2\/types\/post"}],"author":[{"embeddable":true,"href":"https:\/\/www.lamborena.com\/index.php?rest_route=\/wp\/v2\/users\/1"}],"replies":[{"embeddable":true,"href":"https:\/\/www.lamborena.com\/index.php?rest_route=%2Fwp%2Fv2%2Fcomments&post=1454"}],"version-history":[{"count":2,"href":"https:\/\/www.lamborena.com\/index.php?rest_route=\/wp\/v2\/posts\/1454\/revisions"}],"predecessor-version":[{"id":1456,"href":"https:\/\/www.lamborena.com\/index.php?rest_route=\/wp\/v2\/posts\/1454\/revisions\/1456"}],"wp:attachment":[{"href":"https:\/\/www.lamborena.com\/index.php?rest_route=%2Fwp%2Fv2%2Fmedia&parent=1454"}],"wp:term":[{"taxonomy":"category","embeddable":true,"href":"https:\/\/www.lamborena.com\/index.php?rest_route=%2Fwp%2Fv2%2Fcategories&post=1454"},{"taxonomy":"post_tag","embeddable":true,"href":"https:\/\/www.lamborena.com\/index.php?rest_route=%2Fwp%2Fv2%2Ftags&post=1454"}],"curies":[{"name":"wp","href":"https:\/\/api.w.org\/{rel}","templated":true}]}}