{"id":1468,"date":"2010-12-02T12:14:09","date_gmt":"2010-12-02T10:14:09","guid":{"rendered":"http:\/\/www.lamborena.com\/?p=1468"},"modified":"2010-12-02T12:14:09","modified_gmt":"2010-12-02T10:14:09","slug":"mugi-juncosa","status":"publish","type":"post","link":"https:\/\/www.lamborena.com\/?p=1468","title":{"rendered":"Mugi Juncosa"},"content":{"rendered":"<p style=\"text-align: justify;\">Para el primer post de diciembre he elegido una foto de la zona este de La Juncosa. La hice al atardecer del pasado d\u00eda 3 de octubre en compa\u00f1\u00eda de mi amigo Jose. Fue un atardecer muy soso que no lleg\u00f3 a te\u00f1ir el cielo, con lo que tuvimos que aportar a las fotos ese \u00abextra\u00bb de inter\u00e9s que les aporta el colorido crepuscular mediante otros elementos.<\/p>\n<p style=\"text-align: justify;\">Yo decid\u00ed buscar algo de movimiento tanto en las nubes como en el mar, as\u00ed que mont\u00e9 el filtro de densidad neutra de 3 pasos para conseguir un tiempo de exposici\u00f3n largo que me permitiera obtener ese efecto. Consegu\u00ed medio minuto, que unido al ligero viento existente, movi\u00f3 lo suficiente las nubes como para producir un efecto interesante en la foto.<\/p>\n<p style=\"text-align: justify;\">Poco m\u00e1s queda por a\u00f1adir al \u00abmaking off\u00bb de la foto. Un degradado neutro de 3 pasos para compensar la diferencia de luz entre el cielo y el resto de la escena, F11, ISO100, y 23mm de focal. Tuve que compensar la exposici\u00f3n con un paso completo en positivo.<\/p>\n<p style=\"text-align: justify;\">Antes de dejaros con la foto, me gustar\u00eda comentar que el pasado mes de noviembre ha sido un mes prol\u00edfico en visitas a este blog. Ha habido una media diar\u00eda de 130 visitas, con un total de 3910 visitas y 18458 p\u00e1ginas servidas. Poco a poco el n\u00famero de visitas va creciendo y se va consolidando en torno a las 100 diarias, lo cual me llena de satisfacci\u00f3n. Tengo que agradeceros a todos el que lo hag\u00e1is posible, ya que el contar con este respaldo me anima a seguir adelante con m\u00e1s fuerza si cabe. Eskerrik asko, bihotz-bihotzez!<\/p>\n<p style=\"text-align: justify;\">Ahora s\u00ed, os dejo con la foto de hoy. Laster arte!<\/p>\n<p style=\"text-align: center;\"><img decoding=\"async\" style=\"border: 2px solid black;\" src=\"http:\/\/farm5.static.flickr.com\/4151\/5055061465_8aa2e07e2d.jpg\" alt=\"\" \/><\/p>\n","protected":false},"excerpt":{"rendered":"<p>Para el primer post de diciembre he elegido una foto de la zona este de La Juncosa. La hice al atardecer del pasado d\u00eda 3 de octubre en compa\u00f1\u00eda de mi amigo Jose. Fue un atardecer muy soso que no lleg\u00f3 a te\u00f1ir el cielo, con lo que tuvimos que aportar a las fotos ese [&hellip;]<\/p>\n","protected":false},"author":1,"featured_media":0,"comment_status":"open","ping_status":"open","sticky":false,"template":"","format":"standard","meta":{"ngg_post_thumbnail":0,"footnotes":""},"categories":[6],"tags":[53,787,55,51,361,88,275,276,68,50,97,1494,18,129,359],"class_list":["post-1468","post","type-post","status-publish","format-standard","hentry","category-fotografia","tag-andoni-lamborena","tag-cala-la-juncosa","tag-canon","tag-cobaron","tag-filtros-hitech","tag-fotos-de-muskiz","tag-hitech","tag-hitech-filters","tag-itsaslur","tag-kobaron","tag-la-juncosa","tag-lamborena","tag-muskiz","tag-muskizko-argazkiak","tag-paseo-itsaslur","entry"],"_links":{"self":[{"href":"https:\/\/www.lamborena.com\/index.php?rest_route=\/wp\/v2\/posts\/1468","targetHints":{"allow":["GET"]}}],"collection":[{"href":"https:\/\/www.lamborena.com\/index.php?rest_route=\/wp\/v2\/posts"}],"about":[{"href":"https:\/\/www.lamborena.com\/index.php?rest_route=\/wp\/v2\/types\/post"}],"author":[{"embeddable":true,"href":"https:\/\/www.lamborena.com\/index.php?rest_route=\/wp\/v2\/users\/1"}],"replies":[{"embeddable":true,"href":"https:\/\/www.lamborena.com\/index.php?rest_route=%2Fwp%2Fv2%2Fcomments&post=1468"}],"version-history":[{"count":2,"href":"https:\/\/www.lamborena.com\/index.php?rest_route=\/wp\/v2\/posts\/1468\/revisions"}],"predecessor-version":[{"id":1470,"href":"https:\/\/www.lamborena.com\/index.php?rest_route=\/wp\/v2\/posts\/1468\/revisions\/1470"}],"wp:attachment":[{"href":"https:\/\/www.lamborena.com\/index.php?rest_route=%2Fwp%2Fv2%2Fmedia&parent=1468"}],"wp:term":[{"taxonomy":"category","embeddable":true,"href":"https:\/\/www.lamborena.com\/index.php?rest_route=%2Fwp%2Fv2%2Fcategories&post=1468"},{"taxonomy":"post_tag","embeddable":true,"href":"https:\/\/www.lamborena.com\/index.php?rest_route=%2Fwp%2Fv2%2Ftags&post=1468"}],"curies":[{"name":"wp","href":"https:\/\/api.w.org\/{rel}","templated":true}]}}