{"id":1534,"date":"2011-01-19T21:08:38","date_gmt":"2011-01-19T19:08:38","guid":{"rendered":"http:\/\/www.lamborena.com\/?p=1534"},"modified":"2011-01-19T21:08:38","modified_gmt":"2011-01-19T19:08:38","slug":"udazkena-urederran","status":"publish","type":"post","link":"https:\/\/www.lamborena.com\/?p=1534","title":{"rendered":"Udazkena Urederran"},"content":{"rendered":"<p style=\"text-align: justify;\">El pasado 6 de noviembre realizamos la primera salida conjunta de la Asociaci\u00f3n de Fotograf\u00eda de Muskiz \u00abArgazkizaleak\u00bb. El destino fue el archifotografiado nacedero del r\u00edo Urederra en Bakedano, Nafarroa. Fuimos 7 los valientes que nos animamos a esta primera salida y la verdad es que lo pasamos genial. Hicimos fotos, risas y buenas migas, as\u00ed que por lo que a mi respecta, espero que esta salida se institucionalice y la repitamos cada a\u00f1o, aunque sea con distinto destino&#8230;<\/p>\n<p style=\"text-align: justify;\">Al llegar a la zona del r\u00edo coincidimos con un nutrido grupo de aficionados que estaban realizando un curso de la mano de Eduardo Blanco Mendizabal, as\u00ed que la zona estuvo muy concurrida.<\/p>\n<p style=\"text-align: justify;\">La foto que hoy presento corresponde a la primera parada que hicimos, en una de las primeras pozas visitables. Abusando de angular, realic\u00e9 una toma con una visi\u00f3n global del lugar en la que aprovech\u00e9 una rama cercana para que hiciera de gu\u00eda en la composici\u00f3n. Tal vez haya demasiados elementos en escena, pero creo que cada uno de ellos aporta algo a la composici\u00f3n de lugar. Las hojas nos muestran en qu\u00e9 estaci\u00f3n del a\u00f1o estamos, el agua hace de hilo conductor de la foto, etc&#8230;<\/p>\n<p style=\"text-align: justify;\">En aquella ocasi\u00f3n, fue suficiente con el uso del polarizador para conseguir una exposici\u00f3n de 5 segundos a ISO100. Este filtro resulta vital en este tipo de fotos con agua y remansos. Gracias a \u00e9l conseguimos una transparencia que ser\u00eda imposible de lograr con otro filtro o sin usar ninguno.<\/p>\n<p style=\"text-align: justify;\">Os dejo con la primera toma de esta larga serie. Espero que os agrade. Laster arte!<\/p>\n<p style=\"text-align: center;\"><img loading=\"lazy\" decoding=\"async\" style=\"border: 2px solid black;\" src=\"http:\/\/farm5.static.flickr.com\/4064\/5153990034_96a6196fd7.jpg\" alt=\"\" width=\"333\" height=\"500\" \/><\/p>\n","protected":false},"excerpt":{"rendered":"<p>El pasado 6 de noviembre realizamos la primera salida conjunta de la Asociaci\u00f3n de Fotograf\u00eda de Muskiz \u00abArgazkizaleak\u00bb. El destino fue el archifotografiado nacedero del r\u00edo Urederra en Bakedano, Nafarroa. Fuimos 7 los valientes que nos animamos a esta primera salida y la verdad es que lo pasamos genial. Hicimos fotos, risas y buenas migas, [&hellip;]<\/p>\n","protected":false},"author":1,"featured_media":0,"comment_status":"open","ping_status":"open","sticky":false,"template":"","format":"standard","meta":{"ngg_post_thumbnail":0,"footnotes":""},"categories":[6],"tags":[915,914,53,705,912,913,1494,450,916,911],"class_list":["post-1534","post","type-post","status-publish","format-standard","hentry","category-fotografia","tag-amescoas","tag-ameskoak","tag-andoni-lamborena","tag-argazkizaleak","tag-bakedano","tag-baquedano","tag-lamborena","tag-rodenstock","tag-urbasa","tag-urederra","entry"],"_links":{"self":[{"href":"https:\/\/www.lamborena.com\/index.php?rest_route=\/wp\/v2\/posts\/1534","targetHints":{"allow":["GET"]}}],"collection":[{"href":"https:\/\/www.lamborena.com\/index.php?rest_route=\/wp\/v2\/posts"}],"about":[{"href":"https:\/\/www.lamborena.com\/index.php?rest_route=\/wp\/v2\/types\/post"}],"author":[{"embeddable":true,"href":"https:\/\/www.lamborena.com\/index.php?rest_route=\/wp\/v2\/users\/1"}],"replies":[{"embeddable":true,"href":"https:\/\/www.lamborena.com\/index.php?rest_route=%2Fwp%2Fv2%2Fcomments&post=1534"}],"version-history":[{"count":1,"href":"https:\/\/www.lamborena.com\/index.php?rest_route=\/wp\/v2\/posts\/1534\/revisions"}],"predecessor-version":[{"id":1535,"href":"https:\/\/www.lamborena.com\/index.php?rest_route=\/wp\/v2\/posts\/1534\/revisions\/1535"}],"wp:attachment":[{"href":"https:\/\/www.lamborena.com\/index.php?rest_route=%2Fwp%2Fv2%2Fmedia&parent=1534"}],"wp:term":[{"taxonomy":"category","embeddable":true,"href":"https:\/\/www.lamborena.com\/index.php?rest_route=%2Fwp%2Fv2%2Fcategories&post=1534"},{"taxonomy":"post_tag","embeddable":true,"href":"https:\/\/www.lamborena.com\/index.php?rest_route=%2Fwp%2Fv2%2Ftags&post=1534"}],"curies":[{"name":"wp","href":"https:\/\/api.w.org\/{rel}","templated":true}]}}