{"id":1565,"date":"2011-02-03T13:49:14","date_gmt":"2011-02-03T11:49:14","guid":{"rendered":"http:\/\/www.lamborena.com\/?p=1565"},"modified":"2011-02-03T13:49:14","modified_gmt":"2011-02-03T11:49:14","slug":"memorial-maria-luisa-finalista","status":"publish","type":"post","link":"https:\/\/www.lamborena.com\/?p=1565","title":{"rendered":"Memorial Maria Luisa: Finalista!!!!"},"content":{"rendered":"<p style=\"text-align: justify;\">Hoy es un d\u00eda grande para mi, de los que un aficionado como yo marca en el calendario y no olvida f\u00e1cilmente. Es uno de esos d\u00edas en los que pareces flotar en una nube y como se suele decir; si te pinchan, no sangras. Una de mis fotos ha resultado finalista en la categor\u00eda \u00abPaisajes naturales\u00bb del certamen internacional <a href=\"http:\/\/www.memorialmarialuisa.com\/\" target=\"_blank\">\u00abMemorial Maria Luisa\u00bb<\/a>.<\/p>\n<p style=\"text-align: justify;\">Puede que para muchos el ser finalista y no obtener premio no suponga nada, pero para un humilde aficionado como yo, supone una enorme recompensa al trabajo realizado durante estos casi 5 a\u00f1os que llevo con la fotograf\u00eda como hobby. El ver mi nombre en un listado junto al de grandes fot\u00f3grafos como Bence M\u00e1t\u00e9, Francisco Mingorance, J. Fran\u00e7oise Hagenmuller, Oriol Alamany, Gunnar Conrad, Asier Castro,\u00a0 Pierluigi Rizzato, Rafael Rojas, Vitantonio Dell&#8217;Orto o Eduardo Blanco Mendizabal entre otros, me ha producido un subid\u00f3n sin precedentes en mi corta trayectoria como fot\u00f3grafo aficionado.<\/p>\n<p style=\"text-align: justify;\">Siendo como es algo excepcional el que participe en concursos, creo que este hito ser\u00e1 muy dif\u00edcil de superar en el futuro, pero he de confesar que me ha despertado una curiosidad que antes no ten\u00eda, as\u00ed que me estoy planteando probar suerte con m\u00e1s frecuencia. La pega que le veo es que para participar con solvencia en concursos de este tipo hay que contar con tiempo, disponibilidad y posibilidad para viajar, o al menos para moverse m\u00e1s de lo que yo lo hago.<\/p>\n<p style=\"text-align: justify;\">Cuando hace algunas semanas me pidieron desde la organizaci\u00f3n el RAW original y las explicaciones pertinentes de como se hab\u00eda realizado y procesado la toma, me qued\u00e9 pegado en el sof\u00e1&#8230; Le\u00ed entonces en las bases que tal requerimiento se realizaba en la fase final de deliberaci\u00f3n del jurado y ya con aquello me daba por m\u00e1s que satisfecho. Anoche, al ver mi nombre entre los finalistas la emoci\u00f3n se adue\u00f1o de mi. Viendo el video con las fotos finalistas y premiadas sent\u00ed una\u00a0 ilusi\u00f3n tremenda por seguir adelante. Hoy sigo igual de emocionado.<\/p>\n<p style=\"text-align: justify;\">Me encantar\u00eda compartir esta alegr\u00eda con todos mis lectores, ya que sois una gran motivaci\u00f3n para que siga intentando mejorar cada d\u00eda, pero sobre todo, me gustar\u00eda compartirlo con los de casa, con Elena, Aimar y Markel, que son quienes notan mi ausencia cada vez que salgo a hacer fotos.<\/p>\n<p style=\"text-align: justify;\">No se qu\u00e9 m\u00e1s decir, seguro que me dejo muchas cosas en el tintero, pero la verdad, es que no estoy para escribir mucho m\u00e1s&#8230;<\/p>\n<p style=\"text-align: justify;\">Me queda felicitar a los ganadores y al resto de finalistas. Un gran orgullo poder inscribir mi nombre junto con el vuestro.<\/p>\n<p style=\"text-align: center;\"><img decoding=\"async\" style=\"border: 2px solid black;\" src=\"http:\/\/farm2.static.flickr.com\/1304\/4685972549_99d2311248.jpg\" alt=\"\" \/><\/p>\n<p style=\"text-align: justify;\">P.D. Os dejo un link al <a href=\"http:\/\/www.memorialmarialuisa.com\/downloads\/premiados_mml_2010.pdf\" target=\"_blank\">listado de ganadores y finalistas<\/a>. Aunque lo que os recomiendo es pasaros por la <a href=\"http:\/\/www.memorialmarialuisa.com\/\" target=\"_blank\">p\u00e1gina oficial del certamen<\/a> y pinchar en el enlace directo a los premiados. Luego desde all\u00ed se pueden ver los finalistas de las distintas categor\u00edas. Yo me he ido pasando por las galer\u00edas de los que he podido y a\u00fan no he dejado de babear&#8230;<\/p>\n<p style=\"text-align: justify;\">\n","protected":false},"excerpt":{"rendered":"<p>Hoy es un d\u00eda grande para mi, de los que un aficionado como yo marca en el calendario y no olvida f\u00e1cilmente. Es uno de esos d\u00edas en los que pareces flotar en una nube y como se suele decir; si te pinchan, no sangras. Una de mis fotos ha resultado finalista en la categor\u00eda [&hellip;]<\/p>\n","protected":false},"author":1,"featured_media":0,"comment_status":"open","ping_status":"open","sticky":false,"template":"","format":"standard","meta":{"ngg_post_thumbnail":0,"footnotes":""},"categories":[6],"tags":[53,957,958,959,1494,956,1495],"class_list":["post-1565","post","type-post","status-publish","format-standard","hentry","category-fotografia","tag-andoni-lamborena","tag-certamen-memorial-maria-luisa","tag-finalistas-memorial-maria-luisa","tag-ganadores-memorial-marialuisa","tag-lamborena","tag-maria-luisa","tag-memorial-maria-luisa","entry"],"_links":{"self":[{"href":"https:\/\/www.lamborena.com\/index.php?rest_route=\/wp\/v2\/posts\/1565","targetHints":{"allow":["GET"]}}],"collection":[{"href":"https:\/\/www.lamborena.com\/index.php?rest_route=\/wp\/v2\/posts"}],"about":[{"href":"https:\/\/www.lamborena.com\/index.php?rest_route=\/wp\/v2\/types\/post"}],"author":[{"embeddable":true,"href":"https:\/\/www.lamborena.com\/index.php?rest_route=\/wp\/v2\/users\/1"}],"replies":[{"embeddable":true,"href":"https:\/\/www.lamborena.com\/index.php?rest_route=%2Fwp%2Fv2%2Fcomments&post=1565"}],"version-history":[{"count":1,"href":"https:\/\/www.lamborena.com\/index.php?rest_route=\/wp\/v2\/posts\/1565\/revisions"}],"predecessor-version":[{"id":1566,"href":"https:\/\/www.lamborena.com\/index.php?rest_route=\/wp\/v2\/posts\/1565\/revisions\/1566"}],"wp:attachment":[{"href":"https:\/\/www.lamborena.com\/index.php?rest_route=%2Fwp%2Fv2%2Fmedia&parent=1565"}],"wp:term":[{"taxonomy":"category","embeddable":true,"href":"https:\/\/www.lamborena.com\/index.php?rest_route=%2Fwp%2Fv2%2Fcategories&post=1565"},{"taxonomy":"post_tag","embeddable":true,"href":"https:\/\/www.lamborena.com\/index.php?rest_route=%2Fwp%2Fv2%2Ftags&post=1565"}],"curies":[{"name":"wp","href":"https:\/\/api.w.org\/{rel}","templated":true}]}}