{"id":1567,"date":"2011-02-08T23:20:09","date_gmt":"2011-02-08T21:20:09","guid":{"rendered":"http:\/\/www.lamborena.com\/?p=1567"},"modified":"2011-02-08T23:20:09","modified_gmt":"2011-02-08T21:20:09","slug":"aldapan-behera","status":"publish","type":"post","link":"https:\/\/www.lamborena.com\/?p=1567","title":{"rendered":"Aldapan behera"},"content":{"rendered":"<p style=\"text-align: justify;\">Tras varios d\u00edas sin escribir y completamente abrumado por la cantidad de felicitaciones recibidas desde el pasado jueves, hoy volvemos a la carga con una toma sencilla de mi reciente visita al Urederra.<\/p>\n<p style=\"text-align: justify;\">Lo mismo que en muchas ocasiones el mirar al otro lado cuando el sol se est\u00e1 poniendo nos gratifica con grandes im\u00e1genes, tambi\u00e9n el volver la vista en un r\u00edo tiene su recompensa. Lo m\u00e1s habitual es que fotografiemos el agua viniendo hacia nosotros, pero hay ocasiones en las que ese mismo agua alej\u00e1ndose tiene un atractivo merecedor de una instant\u00e1nea. Eso me pareci\u00f3 in situ y as\u00ed trat\u00e9 de reflejarlo con esta foto.<\/p>\n<p style=\"text-align: justify;\">Como el resto de la serie del Urederra, est\u00e1 realizada con el polarizador circular \u00abRodenstock\u00bb sobre el 17-40 de Canon.<\/p>\n<p style=\"text-align: justify;\">En esta toma, trat\u00e9 de destacar el camino descendente del r\u00edo bien adornado por las rocas y rematado por los colores del bosque. Creo que en el colorido reside gran parte de la belleza que le veo a la foto.<\/p>\n<p style=\"text-align: justify;\">Os dejo con ella, no sin antes agradeceros todas las muestras de apoyo recibidas durante estos d\u00edas. Eskerrik asko!<\/p>\n<p style=\"text-align: center;\"><img decoding=\"async\" style=\"border: 2px solid black;\" src=\"http:\/\/farm5.static.flickr.com\/4112\/5185077127_aafb41e9f3.jpg\" alt=\"\" \/><\/p>\n","protected":false},"excerpt":{"rendered":"<p>Tras varios d\u00edas sin escribir y completamente abrumado por la cantidad de felicitaciones recibidas desde el pasado jueves, hoy volvemos a la carga con una toma sencilla de mi reciente visita al Urederra. Lo mismo que en muchas ocasiones el mirar al otro lado cuando el sol se est\u00e1 poniendo nos gratifica con grandes im\u00e1genes, [&hellip;]<\/p>\n","protected":false},"author":1,"featured_media":0,"comment_status":"open","ping_status":"open","sticky":false,"template":"","format":"standard","meta":{"ngg_post_thumbnail":0,"footnotes":""},"categories":[6],"tags":[915,914,53,912,913,55,1494,450,916,911],"class_list":["post-1567","post","type-post","status-publish","format-standard","hentry","category-fotografia","tag-amescoas","tag-ameskoak","tag-andoni-lamborena","tag-bakedano","tag-baquedano","tag-canon","tag-lamborena","tag-rodenstock","tag-urbasa","tag-urederra","entry"],"_links":{"self":[{"href":"https:\/\/www.lamborena.com\/index.php?rest_route=\/wp\/v2\/posts\/1567","targetHints":{"allow":["GET"]}}],"collection":[{"href":"https:\/\/www.lamborena.com\/index.php?rest_route=\/wp\/v2\/posts"}],"about":[{"href":"https:\/\/www.lamborena.com\/index.php?rest_route=\/wp\/v2\/types\/post"}],"author":[{"embeddable":true,"href":"https:\/\/www.lamborena.com\/index.php?rest_route=\/wp\/v2\/users\/1"}],"replies":[{"embeddable":true,"href":"https:\/\/www.lamborena.com\/index.php?rest_route=%2Fwp%2Fv2%2Fcomments&post=1567"}],"version-history":[{"count":3,"href":"https:\/\/www.lamborena.com\/index.php?rest_route=\/wp\/v2\/posts\/1567\/revisions"}],"predecessor-version":[{"id":1579,"href":"https:\/\/www.lamborena.com\/index.php?rest_route=\/wp\/v2\/posts\/1567\/revisions\/1579"}],"wp:attachment":[{"href":"https:\/\/www.lamborena.com\/index.php?rest_route=%2Fwp%2Fv2%2Fmedia&parent=1567"}],"wp:term":[{"taxonomy":"category","embeddable":true,"href":"https:\/\/www.lamborena.com\/index.php?rest_route=%2Fwp%2Fv2%2Fcategories&post=1567"},{"taxonomy":"post_tag","embeddable":true,"href":"https:\/\/www.lamborena.com\/index.php?rest_route=%2Fwp%2Fv2%2Ftags&post=1567"}],"curies":[{"name":"wp","href":"https:\/\/api.w.org\/{rel}","templated":true}]}}