{"id":1716,"date":"2011-02-18T13:58:29","date_gmt":"2011-02-18T11:58:29","guid":{"rendered":"http:\/\/www.lamborena.com\/?p=1716"},"modified":"2011-02-18T13:58:29","modified_gmt":"2011-02-18T11:58:29","slug":"foto-de-la-semana-en-focus-on-planet","status":"publish","type":"post","link":"https:\/\/www.lamborena.com\/?p=1716","title":{"rendered":"Foto de la semana en Focus on Planet!"},"content":{"rendered":"<p style=\"text-align: justify;\">La verdad es que \u00abHondartza ixilik\u00bb me est\u00e1 dando muchas alegr\u00edas. Hoy la \u00faltima&#8230; Ha sido seleccionada para aparecer en la secci\u00f3n \u00abfoto de la semana\u00bb de la comunidad Focus on Planet.<\/p>\n<p style=\"text-align: justify;\">Hace varios d\u00edas uno de sus administradores se puso en contacto conmigo para que destripara en un texto la foto. As\u00ed lo hice y hoy ha salido publicado. Me hace mucha ilusi\u00f3n!<\/p>\n<p style=\"text-align: justify;\">Os dejo en link a Focus on Planet:<\/p>\n<p style=\"text-align: center;\"><a href=\"http:\/\/www.focusonplanet.com\/2011\/02\/foto-de-la-semana-7\/\" target=\"_blank\"><img loading=\"lazy\" decoding=\"async\" src=\"http:\/\/www.focusonplanet.com\/wp-content\/uploads\/focusonplanet.png\" alt=\"\" width=\"331\" height=\"58\" \/><\/a><\/p>\n<p style=\"text-align: justify;\">Laster arte!!<\/p>\n","protected":false},"excerpt":{"rendered":"<p>La verdad es que \u00abHondartza ixilik\u00bb me est\u00e1 dando muchas alegr\u00edas. Hoy la \u00faltima&#8230; Ha sido seleccionada para aparecer en la secci\u00f3n \u00abfoto de la semana\u00bb de la comunidad Focus on Planet. Hace varios d\u00edas uno de sus administradores se puso en contacto conmigo para que destripara en un texto la foto. As\u00ed lo hice [&hellip;]<\/p>\n","protected":false},"author":1,"featured_media":0,"comment_status":"open","ping_status":"open","sticky":false,"template":"","format":"standard","meta":{"ngg_post_thumbnail":0,"footnotes":""},"categories":[6],"tags":[53,854,965,1494],"class_list":["post-1716","post","type-post","status-publish","format-standard","hentry","category-fotografia","tag-andoni-lamborena","tag-focus-on-planet","tag-hondartza-ixilik","tag-lamborena","entry"],"_links":{"self":[{"href":"https:\/\/www.lamborena.com\/index.php?rest_route=\/wp\/v2\/posts\/1716","targetHints":{"allow":["GET"]}}],"collection":[{"href":"https:\/\/www.lamborena.com\/index.php?rest_route=\/wp\/v2\/posts"}],"about":[{"href":"https:\/\/www.lamborena.com\/index.php?rest_route=\/wp\/v2\/types\/post"}],"author":[{"embeddable":true,"href":"https:\/\/www.lamborena.com\/index.php?rest_route=\/wp\/v2\/users\/1"}],"replies":[{"embeddable":true,"href":"https:\/\/www.lamborena.com\/index.php?rest_route=%2Fwp%2Fv2%2Fcomments&post=1716"}],"version-history":[{"count":2,"href":"https:\/\/www.lamborena.com\/index.php?rest_route=\/wp\/v2\/posts\/1716\/revisions"}],"predecessor-version":[{"id":1718,"href":"https:\/\/www.lamborena.com\/index.php?rest_route=\/wp\/v2\/posts\/1716\/revisions\/1718"}],"wp:attachment":[{"href":"https:\/\/www.lamborena.com\/index.php?rest_route=%2Fwp%2Fv2%2Fmedia&parent=1716"}],"wp:term":[{"taxonomy":"category","embeddable":true,"href":"https:\/\/www.lamborena.com\/index.php?rest_route=%2Fwp%2Fv2%2Fcategories&post=1716"},{"taxonomy":"post_tag","embeddable":true,"href":"https:\/\/www.lamborena.com\/index.php?rest_route=%2Fwp%2Fv2%2Ftags&post=1716"}],"curies":[{"name":"wp","href":"https:\/\/api.w.org\/{rel}","templated":true}]}}