{"id":1743,"date":"2011-02-22T18:20:00","date_gmt":"2011-02-22T16:20:00","guid":{"rendered":"http:\/\/www.lamborena.com\/?p=1743"},"modified":"2011-02-22T18:20:00","modified_gmt":"2011-02-22T16:20:00","slug":"rio-escaleras","status":"publish","type":"post","link":"https:\/\/www.lamborena.com\/?p=1743","title":{"rendered":"R\u00edo Escaleras"},"content":{"rendered":"<p style=\"text-align: justify;\">El r\u00edo Escaleras me trae forzosamente recuerdos de mi ni\u00f1ez. Atraviesa el barrio de Pando en Karrantza, lugar del que procede mi familia materna. tengo imborrables recuerdos de mi ni\u00f1es por aquellos lares, as\u00ed que ir a fotografiarlo, supuso para mi una gran satisfacci\u00f3n personal.<\/p>\n<p style=\"text-align: justify;\">Aquel d\u00eda de finales de noviembre fue muy duro, climat\u00f3logicamente hablando. ten\u00edamos pensado ir a la zona de Estacas de Trueba, pero la nieve nos lo impidi\u00f3, as\u00ed que terminamos en Karrantza, no sin antes llevarnos alg\u00fan peque\u00f1o susto con el coche en las nevadas carreteras.<\/p>\n<p style=\"text-align: justify;\">Este lugar fue nuestro segundo destino de aquella fr\u00eda ma\u00f1ana. No paraba de nevar, as\u00ed que subimos sin el equipo a inspeccionar la zona. Nos cost\u00f3 dar con los accesos a la zona de cascadas de la que mi ama me hab\u00eda hablado, pero una vez llegados all\u00ed, decidimos que, pese a las adversidades climatol\u00f3gicas, no pod\u00edamos irnos de all\u00ed sin fotos, as\u00ed que volvimos al coche a por el equipo.<\/p>\n<p style=\"text-align: justify;\">El acceso fue dificultoso, no exento de alg\u00fan que otro resbal\u00f3n, pero mereci\u00f3 la pena. Nos cost\u00f3 mucho movernos por la zona, as\u00ed que aprovechamos cada rinc\u00f3n con esmero.<\/p>\n<p style=\"text-align: justify;\">Hoy os presento la primera foto de la serie. He salvado bastantes, as\u00ed que las ir\u00e9 presentando estos pr\u00f3ximos d\u00edas.<\/p>\n<p style=\"text-align: justify;\">Aquel d\u00eda s\u00f3lo nos hizo falta el polarizador. A penas hab\u00eda luz, as\u00ed que los disparos ya eran lo suficientemente largos como para obtener efecto seda en el agua. Lo m\u00e1s dificultoso fue mantener limpias las lentes durante la incesante nevada. Hab\u00eda que vigilarlas entre toma y toma y pasarles el pa\u00f1o de limpieza para que no se apreciasen las gotas en las fotos.<\/p>\n<p style=\"text-align: justify;\">Esta toma de hoy, tiene 3&#8217;2 segundos de exposici\u00f3n a F16 e ISO100 y est\u00e1 realizada a 22mm de focal. Tuve que compensar negativamente la exposici\u00f3n en un EV. El equipo complementario, como en el resto de tomas de este tipo, estaba compuesto por el tr\u00edpode, el disparador remoto y el nivel de burbuja.<\/p>\n<p style=\"text-align: justify;\">Os dejo con ella. Laster arte!<\/p>\n<p style=\"text-align: center;\"><img decoding=\"async\" style=\"border: 2px solid black;\" src=\"http:\/\/farm6.static.flickr.com\/5121\/5214573140_27788a3ec1.jpg\" alt=\"\" \/><\/p>\n","protected":false},"excerpt":{"rendered":"<p>El r\u00edo Escaleras me trae forzosamente recuerdos de mi ni\u00f1ez. Atraviesa el barrio de Pando en Karrantza, lugar del que procede mi familia materna. tengo imborrables recuerdos de mi ni\u00f1es por aquellos lares, as\u00ed que ir a fotografiarlo, supuso para mi una gran satisfacci\u00f3n personal. Aquel d\u00eda de finales de noviembre fue muy duro, climat\u00f3logicamente [&hellip;]<\/p>\n","protected":false},"author":1,"featured_media":0,"comment_status":"open","ping_status":"open","sticky":false,"template":"","format":"standard","meta":{"ngg_post_thumbnail":0,"footnotes":""},"categories":[6],"tags":[55,701,537,967,971,536,888,1494,571,918,969,968,970],"class_list":["post-1743","post","type-post","status-publish","format-standard","hentry","category-fotografia","tag-canon","tag-canon-eos-5d-mark-2","tag-carranza","tag-escaleras","tag-fotos-de-karantza","tag-karrantza","tag-karrantzako-argazkiak","tag-lamborena","tag-lamborena-barreras","tag-manfrotto","tag-pando","tag-rio-escaleras","tag-rodensock","entry"],"_links":{"self":[{"href":"https:\/\/www.lamborena.com\/index.php?rest_route=\/wp\/v2\/posts\/1743","targetHints":{"allow":["GET"]}}],"collection":[{"href":"https:\/\/www.lamborena.com\/index.php?rest_route=\/wp\/v2\/posts"}],"about":[{"href":"https:\/\/www.lamborena.com\/index.php?rest_route=\/wp\/v2\/types\/post"}],"author":[{"embeddable":true,"href":"https:\/\/www.lamborena.com\/index.php?rest_route=\/wp\/v2\/users\/1"}],"replies":[{"embeddable":true,"href":"https:\/\/www.lamborena.com\/index.php?rest_route=%2Fwp%2Fv2%2Fcomments&post=1743"}],"version-history":[{"count":2,"href":"https:\/\/www.lamborena.com\/index.php?rest_route=\/wp\/v2\/posts\/1743\/revisions"}],"predecessor-version":[{"id":1745,"href":"https:\/\/www.lamborena.com\/index.php?rest_route=\/wp\/v2\/posts\/1743\/revisions\/1745"}],"wp:attachment":[{"href":"https:\/\/www.lamborena.com\/index.php?rest_route=%2Fwp%2Fv2%2Fmedia&parent=1743"}],"wp:term":[{"taxonomy":"category","embeddable":true,"href":"https:\/\/www.lamborena.com\/index.php?rest_route=%2Fwp%2Fv2%2Fcategories&post=1743"},{"taxonomy":"post_tag","embeddable":true,"href":"https:\/\/www.lamborena.com\/index.php?rest_route=%2Fwp%2Fv2%2Ftags&post=1743"}],"curies":[{"name":"wp","href":"https:\/\/api.w.org\/{rel}","templated":true}]}}