{"id":1764,"date":"2011-03-01T20:40:21","date_gmt":"2011-03-01T19:40:21","guid":{"rendered":"http:\/\/www.lamborena.com\/?p=1764"},"modified":"2011-03-01T20:40:21","modified_gmt":"2011-03-01T19:40:21","slug":"karrantzako-enborra","status":"publish","type":"post","link":"https:\/\/www.lamborena.com\/?p=1764","title":{"rendered":"Karrantzako enborra"},"content":{"rendered":"<p style=\"text-align: justify;\">La foto de hoy es pr\u00e1cticamente igual a <a href=\"https:\/\/www.lamborena.com\/?p=1743\" target=\"_blank\">\u00abR\u00edo Escaleras\u00bb<\/a>. Tan solo cambia ligeramente el encuadre. En su d\u00eda revel\u00e9 las dos, pero si hoy tuviese que volver a elegir la mejor de la serie, creo que me quedar\u00eda con \u00e9sta. Me da la impresi\u00f3n de que el primer plano tiene m\u00e1s fuerza.<\/p>\n<p style=\"text-align: justify;\">Los par\u00e1metros de la toma son casi calcados a los de su hermana gemela, con 16 de diafragma y 5 segundos de exposici\u00f3n obtenidos gracias al uso del polarizador. La focal es ligeramente m\u00e1s abierta en este casi, 19mm frente a 22.<\/p>\n<p style=\"text-align: justify;\">Con esta toma, estamos a punto de concluir la serie realizada en Karrantza y que tan buen sabor de boca me dej\u00f3. En cuanto entre la primavera tengo previsto volver por aquellos rincones a revivir sensaciones. La verdad es que pocas veces he disfrutado tanto como aquel d\u00eda, a pesar de las inclemencias meteorol\u00f3gicas. Aunque pensando bien, quiz\u00e1s fueran esas dificultades las que le dieran un valor a\u00f1adido a la jornada&#8230;<\/p>\n<p style=\"text-align: justify;\">Os dejo con la foto. Laster arte!<\/p>\n<p style=\"text-align: center;\"><img loading=\"lazy\" decoding=\"async\" style=\"border: 2px solid black;\" src=\"http:\/\/farm6.static.flickr.com\/5087\/5249640532_e4bf547042.jpg\" alt=\"\" width=\"333\" height=\"500\" \/><\/p>\n","protected":false},"excerpt":{"rendered":"<p>La foto de hoy es pr\u00e1cticamente igual a \u00abR\u00edo Escaleras\u00bb. Tan solo cambia ligeramente el encuadre. En su d\u00eda revel\u00e9 las dos, pero si hoy tuviese que volver a elegir la mejor de la serie, creo que me quedar\u00eda con \u00e9sta. Me da la impresi\u00f3n de que el primer plano tiene m\u00e1s fuerza. Los par\u00e1metros [&hellip;]<\/p>\n","protected":false},"author":1,"featured_media":0,"comment_status":"open","ping_status":"open","sticky":false,"template":"","format":"standard","meta":{"ngg_post_thumbnail":0,"footnotes":""},"categories":[6],"tags":[53,19,55,701,967,979,980,536,1494,918,969,968],"class_list":["post-1764","post","type-post","status-publish","format-standard","hentry","category-fotografia","tag-andoni-lamborena","tag-bizkaia","tag-canon","tag-canon-eos-5d-mark-2","tag-escaleras","tag-escaleras-erreka","tag-eskaleras-erreka","tag-karrantza","tag-lamborena","tag-manfrotto","tag-pando","tag-rio-escaleras","entry"],"_links":{"self":[{"href":"https:\/\/www.lamborena.com\/index.php?rest_route=\/wp\/v2\/posts\/1764","targetHints":{"allow":["GET"]}}],"collection":[{"href":"https:\/\/www.lamborena.com\/index.php?rest_route=\/wp\/v2\/posts"}],"about":[{"href":"https:\/\/www.lamborena.com\/index.php?rest_route=\/wp\/v2\/types\/post"}],"author":[{"embeddable":true,"href":"https:\/\/www.lamborena.com\/index.php?rest_route=\/wp\/v2\/users\/1"}],"replies":[{"embeddable":true,"href":"https:\/\/www.lamborena.com\/index.php?rest_route=%2Fwp%2Fv2%2Fcomments&post=1764"}],"version-history":[{"count":2,"href":"https:\/\/www.lamborena.com\/index.php?rest_route=\/wp\/v2\/posts\/1764\/revisions"}],"predecessor-version":[{"id":1766,"href":"https:\/\/www.lamborena.com\/index.php?rest_route=\/wp\/v2\/posts\/1764\/revisions\/1766"}],"wp:attachment":[{"href":"https:\/\/www.lamborena.com\/index.php?rest_route=%2Fwp%2Fv2%2Fmedia&parent=1764"}],"wp:term":[{"taxonomy":"category","embeddable":true,"href":"https:\/\/www.lamborena.com\/index.php?rest_route=%2Fwp%2Fv2%2Fcategories&post=1764"},{"taxonomy":"post_tag","embeddable":true,"href":"https:\/\/www.lamborena.com\/index.php?rest_route=%2Fwp%2Fv2%2Ftags&post=1764"}],"curies":[{"name":"wp","href":"https:\/\/api.w.org\/{rel}","templated":true}]}}