{"id":1805,"date":"2011-03-08T13:45:43","date_gmt":"2011-03-08T12:45:43","guid":{"rendered":"http:\/\/www.lamborena.com\/?p=1805"},"modified":"2011-03-08T13:45:43","modified_gmt":"2011-03-08T12:45:43","slug":"entrega-de-premios-xxi-memorial-maria-luisa-un-diez-es-poco","status":"publish","type":"post","link":"https:\/\/www.lamborena.com\/?p=1805","title":{"rendered":"Entrega de premios XXI Memorial Mar\u00eda Luisa: Un diez, es poco!"},"content":{"rendered":"<p style=\"text-align: justify;\">Estoy a la espera de recibir alguna foto del evento, pero no quiero demorar la publicaci\u00f3n de este post&#8230;<\/p>\n<p style=\"text-align: justify;\">El pasado fin de semana se entregaron en Oviedo los premios de la XXI edici\u00f3n del Certamen Internacional de fotograf\u00eda de monta\u00f1a y naturaleza \u00abMemorial Mar\u00eda Luisa\u00bb. Asist\u00ed a dicha entrega de premios en calidad de finalista en la categor\u00eda de \u00abPaisajes naturales\u00bb, invitado por la organizaci\u00f3n. La ceremonia se celebr\u00f3 en el centro cultural Cajastur en el centro de Oviedo y estuvo precedida por una exposici\u00f3n con algunas de las fotograf\u00edas premiadas en el certamen.<\/p>\n<p style=\"text-align: justify;\">S\u00f3lo tengo palabras de agradecimiento y admiraci\u00f3n para todos los organizadores de este certamen. Nos hicieron sentir como si estuvi\u00e9ramos en nuestras propia casa desde el primer momento y se desvivieron en atenciones hacia todos los premiados que all\u00ed estuvimos. La verdad es que fue algo maravilloso el conocer a la gente del Memorial, una experiencia genial, en la que el trato familiar y directo, como ya dec\u00eda, fue exquisito. Es impresionante el derroche de trabajo y dedicaci\u00f3n desisnteresada de este grupo de gente, tan impresionante como su afici\u00f3n por la fotograf\u00eda.<\/p>\n<p style=\"text-align: justify;\">Entre los premiados tuvimos la suerte de compartir momentos de entretenida charla sobre lo que para algunos es profesi\u00f3n y que para algunos otros no deja de ser una afici\u00f3n: La fotograf\u00eda. Es una maravilla poder conocer gente de la talla humana y fotogr\u00e1fica de los all\u00ed presentes. La verdad es que hubo momentos en los que incluso me sent\u00ed abrumado&#8230;<\/p>\n<p style=\"text-align: justify;\">Menci\u00f3n especial merece la master-class a cargo del ganador absoluto del memorial, el h\u00fangaro Bence M\u00e1t\u00e9, reconocido fot\u00f3grafo de naturaleza a nivel mundial. No puedo decir otra cosa sobre \u00e9l, m\u00e1s que incidir en que es un crack en todos los sentidos. Nos deleit\u00f3 con su frescura y simpat\u00eda y fue desgranando los secretos de muchas de las fotograf\u00edas que le han hecho acreedor de prestigiosos premios como el BBC Wildlife Photographer of the year o Fotocam, entre otros&#8230; Para concluir su intervenci\u00f3n, nos obsequi\u00f3 con un v\u00eddeo fant\u00e1stico sobre aves que hizo las delicias del numeroso p\u00fablico asistente.<\/p>\n<p style=\"text-align: justify;\">El colof\u00f3n a la entrega de premios lo puso un audiovisual preparado por al organizaci\u00f3n con una gran cantidad de fotos presentadas a concurso y con todas las finalistas y ganadoras divididas en categor\u00edas.<\/p>\n<p style=\"text-align: justify;\">A fuerza de ser pesado, quiero dar de nuevo las gracias a toda la organizaci\u00f3n (no cito nombres por riesgo de dejarme a alguien&#8230;) por el fin de semana tan especial que pasamos mi familia y yo en Infiesto y Oviedo. Este a\u00f1o intentar\u00e9 participar de nuevo y tratar\u00e9 de estar a la altura de las circunstancias. Un aut\u00e9ntico placer haberos conocido a todos, organizaci\u00f3n y participantes&#8230;<\/p>\n<p style=\"text-align: justify;\">En Muskiz ten\u00e9is un amigo para lo que necesit\u00e9is. Un abrazo. Andoni.<\/p>\n","protected":false},"excerpt":{"rendered":"<p>Estoy a la espera de recibir alguna foto del evento, pero no quiero demorar la publicaci\u00f3n de este post&#8230; El pasado fin de semana se entregaron en Oviedo los premios de la XXI edici\u00f3n del Certamen Internacional de fotograf\u00eda de monta\u00f1a y naturaleza \u00abMemorial Mar\u00eda Luisa\u00bb. Asist\u00ed a dicha entrega de premios en calidad de [&hellip;]<\/p>\n","protected":false},"author":1,"featured_media":0,"comment_status":"open","ping_status":"open","sticky":false,"template":"","format":"standard","meta":{"ngg_post_thumbnail":0,"footnotes":""},"categories":[6],"tags":[988,989,956,1495,1496,987],"class_list":["post-1805","post","type-post","status-publish","format-standard","hentry","category-fotografia","tag-bence-mate","tag-bence-mate-asturias","tag-maria-luisa","tag-memorial-maria-luisa","tag-mml","tag-xxi-memorial-maria-luisa","entry"],"_links":{"self":[{"href":"https:\/\/www.lamborena.com\/index.php?rest_route=\/wp\/v2\/posts\/1805","targetHints":{"allow":["GET"]}}],"collection":[{"href":"https:\/\/www.lamborena.com\/index.php?rest_route=\/wp\/v2\/posts"}],"about":[{"href":"https:\/\/www.lamborena.com\/index.php?rest_route=\/wp\/v2\/types\/post"}],"author":[{"embeddable":true,"href":"https:\/\/www.lamborena.com\/index.php?rest_route=\/wp\/v2\/users\/1"}],"replies":[{"embeddable":true,"href":"https:\/\/www.lamborena.com\/index.php?rest_route=%2Fwp%2Fv2%2Fcomments&post=1805"}],"version-history":[{"count":2,"href":"https:\/\/www.lamborena.com\/index.php?rest_route=\/wp\/v2\/posts\/1805\/revisions"}],"predecessor-version":[{"id":1807,"href":"https:\/\/www.lamborena.com\/index.php?rest_route=\/wp\/v2\/posts\/1805\/revisions\/1807"}],"wp:attachment":[{"href":"https:\/\/www.lamborena.com\/index.php?rest_route=%2Fwp%2Fv2%2Fmedia&parent=1805"}],"wp:term":[{"taxonomy":"category","embeddable":true,"href":"https:\/\/www.lamborena.com\/index.php?rest_route=%2Fwp%2Fv2%2Fcategories&post=1805"},{"taxonomy":"post_tag","embeddable":true,"href":"https:\/\/www.lamborena.com\/index.php?rest_route=%2Fwp%2Fv2%2Ftags&post=1805"}],"curies":[{"name":"wp","href":"https:\/\/api.w.org\/{rel}","templated":true}]}}