{"id":1905,"date":"2011-03-27T16:46:53","date_gmt":"2011-03-27T15:46:53","guid":{"rendered":"http:\/\/www.lamborena.com\/?p=1905"},"modified":"2011-03-27T16:46:53","modified_gmt":"2011-03-27T15:46:53","slug":"gorrondatxetik-begira","status":"publish","type":"post","link":"https:\/\/www.lamborena.com\/?p=1905","title":{"rendered":"Gorrondatxetik begira"},"content":{"rendered":"<p style=\"text-align: justify;\">Ya vamos terminando con la serie de Gorrondatxe, aunque a\u00fan queda alguna m\u00e1s por ah\u00ed para subir al blog&#8230;<\/p>\n<p style=\"text-align: justify;\">En esta ocasi\u00f3n os presento una toma que hice encaram\u00e1ndome a una zona rocosa muy caracter\u00edstica de esta playa. Trat\u00e9 de buscar alg\u00fan elemento que me sirviera como gu\u00eda visual en la escena, pero no me result\u00f3 labor sencilla dada la cantidad de l\u00edneas y la escasez de puntos de apoyo para el tr\u00edpode. Cuando di con el lugar apropiado, me cost\u00f3 un poco ubicarme, pero me motiv\u00e9 pensando en que podr\u00eda sacar una buena textura a la roca, a pesar de no ser muy atractiva.<\/p>\n<p style=\"text-align: justify;\">T\u00e9cnicamente hablando, no tiene ning\u00fan misterio: Degradado neutro para compensar luces, filtro de densidad neutra para obtener mayor tiempo de exposici\u00f3n, diafragma cerrado para maximicar la profundidad de campo, tr\u00edpode y paciencia&#8230;<\/p>\n<p style=\"text-align: justify;\">Os dejo con ella! Laster arte!<\/p>\n<p style=\"text-align: center;\"><img decoding=\"async\" style=\"border: 2px solid black;\" src=\"http:\/\/farm6.static.flickr.com\/5051\/5408295709_125054c214.jpg\" alt=\"\" \/><\/p>\n","protected":false},"excerpt":{"rendered":"<p>Ya vamos terminando con la serie de Gorrondatxe, aunque a\u00fan queda alguna m\u00e1s por ah\u00ed para subir al blog&#8230; En esta ocasi\u00f3n os presento una toma que hice encaram\u00e1ndome a una zona rocosa muy caracter\u00edstica de esta playa. Trat\u00e9 de buscar alg\u00fan elemento que me sirviera como gu\u00eda visual en la escena, pero no me [&hellip;]<\/p>\n","protected":false},"author":1,"featured_media":0,"comment_status":"open","ping_status":"open","sticky":false,"template":"","format":"standard","meta":{"ngg_post_thumbnail":0,"footnotes":""},"categories":[6],"tags":[77,53,55,361,997,275,276,998,712,713],"class_list":["post-1905","post","type-post","status-publish","format-standard","hentry","category-fotografia","tag-andoni","tag-andoni-lamborena","tag-canon","tag-filtros-hitech","tag-gorrondatxe","tag-hitech","tag-hitech-filters","tag-la-salvaje","tag-sopela","tag-sopelana","entry"],"_links":{"self":[{"href":"https:\/\/www.lamborena.com\/index.php?rest_route=\/wp\/v2\/posts\/1905","targetHints":{"allow":["GET"]}}],"collection":[{"href":"https:\/\/www.lamborena.com\/index.php?rest_route=\/wp\/v2\/posts"}],"about":[{"href":"https:\/\/www.lamborena.com\/index.php?rest_route=\/wp\/v2\/types\/post"}],"author":[{"embeddable":true,"href":"https:\/\/www.lamborena.com\/index.php?rest_route=\/wp\/v2\/users\/1"}],"replies":[{"embeddable":true,"href":"https:\/\/www.lamborena.com\/index.php?rest_route=%2Fwp%2Fv2%2Fcomments&post=1905"}],"version-history":[{"count":1,"href":"https:\/\/www.lamborena.com\/index.php?rest_route=\/wp\/v2\/posts\/1905\/revisions"}],"predecessor-version":[{"id":1906,"href":"https:\/\/www.lamborena.com\/index.php?rest_route=\/wp\/v2\/posts\/1905\/revisions\/1906"}],"wp:attachment":[{"href":"https:\/\/www.lamborena.com\/index.php?rest_route=%2Fwp%2Fv2%2Fmedia&parent=1905"}],"wp:term":[{"taxonomy":"category","embeddable":true,"href":"https:\/\/www.lamborena.com\/index.php?rest_route=%2Fwp%2Fv2%2Fcategories&post=1905"},{"taxonomy":"post_tag","embeddable":true,"href":"https:\/\/www.lamborena.com\/index.php?rest_route=%2Fwp%2Fv2%2Ftags&post=1905"}],"curies":[{"name":"wp","href":"https:\/\/api.w.org\/{rel}","templated":true}]}}