{"id":1907,"date":"2011-03-28T17:14:10","date_gmt":"2011-03-28T16:14:10","guid":{"rendered":"http:\/\/www.lamborena.com\/?p=1907"},"modified":"2011-03-28T17:14:10","modified_gmt":"2011-03-28T16:14:10","slug":"compuesta-y-sin-novio","status":"publish","type":"post","link":"https:\/\/www.lamborena.com\/?p=1907","title":{"rendered":"Compuesta y sin novio"},"content":{"rendered":"<p style=\"text-align: justify;\">No es que haya sido muy original al ponerle t\u00edtulo a la foto, pero es lo que me vino a la cabeza al mirarla y ver esas piedra solitaria en primer plano.<\/p>\n<p style=\"text-align: justify;\">La foto se realiz\u00f3 en la playa de La Arena al atardecer de un fr\u00edo d\u00eda de invierno. Aquel atardecer a punto estuvo de costarme un disgusto cuando una ola me sorprendi\u00f3 y estuvo muy cerca de llevarse todo el equipo con ella. Por suerte, anduve r\u00e1pido de reflejos y todo qued\u00f3 en un susto y en una limpieza a fondo del material.<\/p>\n<p style=\"text-align: justify;\">Esta de hoy es la \u00fanica foto que he salvado de aquella jornada. Despu\u00e9s del susto, se me quitaron las ganas de seguir haciendo fotos&#8230; A\u00fan as\u00ed, el atardecer tampoco estaba dando mucho juego, as\u00ed que creo que me retir\u00e9 a tiempo.<\/p>\n<p style=\"text-align: justify;\">Os dejo con la foto. Laster arte!<\/p>\n<p style=\"text-align: center;\"><img decoding=\"async\" style=\"border: 2px solid black;\" src=\"http:\/\/farm6.static.flickr.com\/5011\/5416058820_692aa5e6d5.jpg\" alt=\"\" \/><\/p>\n<p>&nbsp;<\/p>\n","protected":false},"excerpt":{"rendered":"<p>No es que haya sido muy original al ponerle t\u00edtulo a la foto, pero es lo que me vino a la cabeza al mirarla y ver esas piedra solitaria en primer plano. La foto se realiz\u00f3 en la playa de La Arena al atardecer de un fr\u00edo d\u00eda de invierno. Aquel atardecer a punto estuvo [&hellip;]<\/p>\n","protected":false},"author":1,"featured_media":0,"comment_status":"open","ping_status":"open","sticky":false,"template":"","format":"standard","meta":{"ngg_post_thumbnail":0,"footnotes":""},"categories":[6],"tags":[19,55,701,88,275,7,1494,18,129,61],"class_list":["post-1907","post","type-post","status-publish","format-standard","hentry","category-fotografia","tag-bizkaia","tag-canon","tag-canon-eos-5d-mark-2","tag-fotos-de-muskiz","tag-hitech","tag-la-arena","tag-lamborena","tag-muskiz","tag-muskizko-argazkiak","tag-pobena","entry"],"_links":{"self":[{"href":"https:\/\/www.lamborena.com\/index.php?rest_route=\/wp\/v2\/posts\/1907","targetHints":{"allow":["GET"]}}],"collection":[{"href":"https:\/\/www.lamborena.com\/index.php?rest_route=\/wp\/v2\/posts"}],"about":[{"href":"https:\/\/www.lamborena.com\/index.php?rest_route=\/wp\/v2\/types\/post"}],"author":[{"embeddable":true,"href":"https:\/\/www.lamborena.com\/index.php?rest_route=\/wp\/v2\/users\/1"}],"replies":[{"embeddable":true,"href":"https:\/\/www.lamborena.com\/index.php?rest_route=%2Fwp%2Fv2%2Fcomments&post=1907"}],"version-history":[{"count":1,"href":"https:\/\/www.lamborena.com\/index.php?rest_route=\/wp\/v2\/posts\/1907\/revisions"}],"predecessor-version":[{"id":1908,"href":"https:\/\/www.lamborena.com\/index.php?rest_route=\/wp\/v2\/posts\/1907\/revisions\/1908"}],"wp:attachment":[{"href":"https:\/\/www.lamborena.com\/index.php?rest_route=%2Fwp%2Fv2%2Fmedia&parent=1907"}],"wp:term":[{"taxonomy":"category","embeddable":true,"href":"https:\/\/www.lamborena.com\/index.php?rest_route=%2Fwp%2Fv2%2Fcategories&post=1907"},{"taxonomy":"post_tag","embeddable":true,"href":"https:\/\/www.lamborena.com\/index.php?rest_route=%2Fwp%2Fv2%2Ftags&post=1907"}],"curies":[{"name":"wp","href":"https:\/\/api.w.org\/{rel}","templated":true}]}}