{"id":1938,"date":"2011-04-11T14:35:27","date_gmt":"2011-04-11T13:35:27","guid":{"rendered":"http:\/\/www.lamborena.com\/?p=1938"},"modified":"2011-04-11T14:35:27","modified_gmt":"2011-04-11T13:35:27","slug":"udaberriko-ilunabarra-2","status":"publish","type":"post","link":"https:\/\/www.lamborena.com\/?p=1938","title":{"rendered":"Udaberriko ilunabarra"},"content":{"rendered":"<p style=\"text-align: justify;\">El pasado 22 de marzo tuve la ocasi\u00f3n de fotografiar el primer atardecer de esta temporada primaveral. Lo hice en la zona de Itsaslur, en Muskiz.<\/p>\n<p style=\"text-align: justify;\">Anduve muy tarde y llegu\u00e9 cuando los colores empezaban a apagarse, as\u00ed que me tuve que quedar en la zona elevada el acantilado. No es que haya muchos encuadres posibles desde all\u00ed, as\u00ed que me coloqu\u00e9 en una zona en la que poder combinar algo de hierba con peque\u00f1as rocas para utilizar como primer plano. A\u00fan as\u00ed, no consegu\u00ed una combinaci\u00f3n que me agradara en exceso.<\/p>\n<p style=\"text-align: justify;\">Una vez escogida la ubicaci\u00f3n, coloqu\u00e9 el tr\u00edpode en posici\u00f3n y a penas tuve tiempo para un par de disparos. El que hoy os presento tiene una exposici\u00f3n de casi 200 segundos a ISO200. Con este tiempo prolongado, el Cant\u00e1brico parece convertirse en una laguna&#8230;<\/p>\n<p style=\"text-align: justify;\">Os dejo con la foto. Laster arte!<\/p>\n<p style=\"text-align: center;\"><img decoding=\"async\" style=\"border: 2px solid black;\" src=\"http:\/\/farm6.static.flickr.com\/5148\/5551428072_1e3e36dcb2.jpg\" alt=\"\" \/><\/p>\n","protected":false},"excerpt":{"rendered":"<p>El pasado 22 de marzo tuve la ocasi\u00f3n de fotografiar el primer atardecer de esta temporada primaveral. Lo hice en la zona de Itsaslur, en Muskiz. Anduve muy tarde y llegu\u00e9 cuando los colores empezaban a apagarse, as\u00ed que me tuve que quedar en la zona elevada el acantilado. No es que haya muchos encuadres [&hellip;]<\/p>\n","protected":false},"author":1,"featured_media":0,"comment_status":"open","ping_status":"open","sticky":false,"template":"","format":"standard","meta":{"ngg_post_thumbnail":0,"footnotes":""},"categories":[6],"tags":[53,55,900,902,88,275,1494,571,18,129],"class_list":["post-1938","post","type-post","status-publish","format-standard","hentry","category-fotografia","tag-andoni-lamborena","tag-canon","tag-feisol","tag-feisol-ft-3372lv","tag-fotos-de-muskiz","tag-hitech","tag-lamborena","tag-lamborena-barreras","tag-muskiz","tag-muskizko-argazkiak","entry"],"_links":{"self":[{"href":"https:\/\/www.lamborena.com\/index.php?rest_route=\/wp\/v2\/posts\/1938","targetHints":{"allow":["GET"]}}],"collection":[{"href":"https:\/\/www.lamborena.com\/index.php?rest_route=\/wp\/v2\/posts"}],"about":[{"href":"https:\/\/www.lamborena.com\/index.php?rest_route=\/wp\/v2\/types\/post"}],"author":[{"embeddable":true,"href":"https:\/\/www.lamborena.com\/index.php?rest_route=\/wp\/v2\/users\/1"}],"replies":[{"embeddable":true,"href":"https:\/\/www.lamborena.com\/index.php?rest_route=%2Fwp%2Fv2%2Fcomments&post=1938"}],"version-history":[{"count":1,"href":"https:\/\/www.lamborena.com\/index.php?rest_route=\/wp\/v2\/posts\/1938\/revisions"}],"predecessor-version":[{"id":1939,"href":"https:\/\/www.lamborena.com\/index.php?rest_route=\/wp\/v2\/posts\/1938\/revisions\/1939"}],"wp:attachment":[{"href":"https:\/\/www.lamborena.com\/index.php?rest_route=%2Fwp%2Fv2%2Fmedia&parent=1938"}],"wp:term":[{"taxonomy":"category","embeddable":true,"href":"https:\/\/www.lamborena.com\/index.php?rest_route=%2Fwp%2Fv2%2Fcategories&post=1938"},{"taxonomy":"post_tag","embeddable":true,"href":"https:\/\/www.lamborena.com\/index.php?rest_route=%2Fwp%2Fv2%2Ftags&post=1938"}],"curies":[{"name":"wp","href":"https:\/\/api.w.org\/{rel}","templated":true}]}}