{"id":2011,"date":"2011-05-11T12:59:15","date_gmt":"2011-05-11T11:59:15","guid":{"rendered":"http:\/\/www.lamborena.com\/?p=2011"},"modified":"2011-05-11T12:59:15","modified_gmt":"2011-05-11T11:59:15","slug":"isladak-lastron-aldean","status":"publish","type":"post","link":"https:\/\/www.lamborena.com\/?p=2011","title":{"rendered":"Isladak Lastron aldean"},"content":{"rendered":"<p style=\"text-align: justify;\">Hoy presento la \u00fanica foto que he revelado de la sesi\u00f3n realizada en abril en El Lastr\u00f3n. Me tengo que poner con alguna m\u00e1s, pero el tiempo aprieta&#8230;<\/p>\n<p style=\"text-align: justify;\">Aquella tarde Jose y yo coincidimos con algunos aficionados m\u00e1s en esta cala de Zierbena. No tuvimos mucho tiempo para la charla puesto que llegamos justos de tiempo y en unos instantes nos pusimos a disparar.<\/p>\n<p style=\"text-align: justify;\">La foto de hoy tiene formato vertical. En ella se observa una zona intermareal que ocupa una gran parte del encuadre. En dicha zona, podemos ver el fondo lleno de piedras de color gris\u00e1ceo y tambi\u00e9n unas nubes reflejadas en segundo t\u00e9rmino.<\/p>\n<p style=\"text-align: justify;\">Al igual que en la anterior toma de Gaztelugatxe subida ayer, en \u00e9sta, la combinaci\u00f3n del ND Hitech y del inverso Singh Ray creo una dominante magenta en el cielo. No es demasiado acusada en esta ocasi\u00f3n. Recientemente he conseguido solucionar en gran medida esta circunstancia a\u00f1adiendo un filtro ND Proglass de Lee a la mochila. Al ser de cristal, las dominantes de color son mucho m\u00e1s contenidas o pr\u00e1cticamente nulas.<\/p>\n<p style=\"text-align: justify;\">La toma se hizo a 17mm, ISO100, F16 y tiene 13 segundos de exposici\u00f3n.<\/p>\n<p style=\"text-align: justify;\">Os dejo con ella. Laster arte!<\/p>\n<p style=\"text-align: center;\"><img decoding=\"async\" style=\"border: 2px solid black;\" src=\"http:\/\/farm6.static.flickr.com\/5186\/5628388921_b7b03b69a6.jpg\" alt=\"\" \/><\/p>\n","protected":false},"excerpt":{"rendered":"<p>Hoy presento la \u00fanica foto que he revelado de la sesi\u00f3n realizada en abril en El Lastr\u00f3n. Me tengo que poner con alguna m\u00e1s, pero el tiempo aprieta&#8230; Aquella tarde Jose y yo coincidimos con algunos aficionados m\u00e1s en esta cala de Zierbena. No tuvimos mucho tiempo para la charla puesto que llegamos justos de [&hellip;]<\/p>\n","protected":false},"author":1,"featured_media":0,"comment_status":"open","ping_status":"open","sticky":false,"template":"","format":"standard","meta":{"ngg_post_thumbnail":0,"footnotes":""},"categories":[6],"tags":[53,19,160,275,7,1494,147,46,280,72],"class_list":["post-2011","post","type-post","status-publish","format-standard","hentry","category-fotografia","tag-andoni-lamborena","tag-bizkaia","tag-el-lastron","tag-hitech","tag-la-arena","tag-lamborena","tag-lastron","tag-singh-ray","tag-singh-ray-reverse","tag-zierbena","entry"],"_links":{"self":[{"href":"https:\/\/www.lamborena.com\/index.php?rest_route=\/wp\/v2\/posts\/2011","targetHints":{"allow":["GET"]}}],"collection":[{"href":"https:\/\/www.lamborena.com\/index.php?rest_route=\/wp\/v2\/posts"}],"about":[{"href":"https:\/\/www.lamborena.com\/index.php?rest_route=\/wp\/v2\/types\/post"}],"author":[{"embeddable":true,"href":"https:\/\/www.lamborena.com\/index.php?rest_route=\/wp\/v2\/users\/1"}],"replies":[{"embeddable":true,"href":"https:\/\/www.lamborena.com\/index.php?rest_route=%2Fwp%2Fv2%2Fcomments&post=2011"}],"version-history":[{"count":1,"href":"https:\/\/www.lamborena.com\/index.php?rest_route=\/wp\/v2\/posts\/2011\/revisions"}],"predecessor-version":[{"id":2012,"href":"https:\/\/www.lamborena.com\/index.php?rest_route=\/wp\/v2\/posts\/2011\/revisions\/2012"}],"wp:attachment":[{"href":"https:\/\/www.lamborena.com\/index.php?rest_route=%2Fwp%2Fv2%2Fmedia&parent=2011"}],"wp:term":[{"taxonomy":"category","embeddable":true,"href":"https:\/\/www.lamborena.com\/index.php?rest_route=%2Fwp%2Fv2%2Fcategories&post=2011"},{"taxonomy":"post_tag","embeddable":true,"href":"https:\/\/www.lamborena.com\/index.php?rest_route=%2Fwp%2Fv2%2Ftags&post=2011"}],"curies":[{"name":"wp","href":"https:\/\/api.w.org\/{rel}","templated":true}]}}