{"id":2088,"date":"2011-06-17T16:44:30","date_gmt":"2011-06-17T15:44:30","guid":{"rendered":"http:\/\/www.lamborena.com\/?p=2088"},"modified":"2011-06-17T16:57:45","modified_gmt":"2011-06-17T15:57:45","slug":"muskiz-jaietan-2011-gora-donibane-jaiak","status":"publish","type":"post","link":"https:\/\/www.lamborena.com\/?p=2088","title":{"rendered":"Muskiz Jaietan 2011: Gora Donibane Jaiak!!"},"content":{"rendered":"<p style=\"text-align: justify;\">Hoy comienzan las fiestas de Muskiz, mi pueblo. Eso significa que estar\u00e9 un poco ausente en el blog y sobre todo, que mi actividad fotogr\u00e1fica habitual se ver\u00e1 resentida mientras duren las fiestas. Durante los pr\u00f3ximos dos fines de semana intentar\u00e9 reflejar a trav\u00e9s del objetivo el esp\u00edritu festivo de Muskiz, aunque la fotograf\u00eda social y de eventos no sea precisamente mi fuerte.<\/p>\n<p style=\"text-align: justify;\">Al igual que el a\u00f1o pasado, desde la Asociaci\u00f3n de fotograf\u00eda \u00abArgazkizaleak\u00bb trataremos de cubrir la mayor parte de actos festivos posible para que con esas fotos se elabore el programa de fiestas del pr\u00f3ximo 2012. Las fotos que hicimos el pasado 2010 pueden verse en el programa de fiestas actual. Os dejo <a href=\"http:\/\/www.muskiz.org\/noticias\/san-juan-2011\" target=\"_blank\">un link<\/a> por si os apetece pasaros por el\u00a0 mejor pueblo del mundo.<\/p>\n<p style=\"text-align: justify;\">Aprovecho tambi\u00e9n la ocasi\u00f3n para subir una foto fuera de lo habitual en este blog, acostumbrado a publicar \u00fanica y exclusivamente fotos de naturaleza. Se trata de una foto de la tradicional hoguera de San Juan mientras ard\u00eda el pasado 23 de junio de 2010.<\/p>\n<p style=\"text-align: justify;\">Solo me queda desear a todos los muskiztarras unas felices fiestas de San Juan. Gora Donibane! Gora Muskiz eta muskiztarrak!!<\/p>\n<p><img decoding=\"async\" class=\"aligncenter\" style=\"border: 2px solid black;\" src=\"https:\/\/www.lamborena.com\/wp-content\/gallery\/ventas\/hoguera_1.jpg\" alt=\"\" \/><\/p>\n<p style=\"text-align: center;\">&nbsp;<\/p>\n","protected":false},"excerpt":{"rendered":"<p>Hoy comienzan las fiestas de Muskiz, mi pueblo. Eso significa que estar\u00e9 un poco ausente en el blog y sobre todo, que mi actividad fotogr\u00e1fica habitual se ver\u00e1 resentida mientras duren las fiestas. Durante los pr\u00f3ximos dos fines de semana intentar\u00e9 reflejar a trav\u00e9s del objetivo el esp\u00edritu festivo de Muskiz, aunque la fotograf\u00eda social [&hellip;]<\/p>\n","protected":false},"author":1,"featured_media":0,"comment_status":"open","ping_status":"open","sticky":false,"template":"","format":"standard","meta":{"ngg_post_thumbnail":0,"footnotes":""},"categories":[6],"tags":[53,1057,1058,196,1055,1056,1494,18,1054,195,1053],"class_list":["post-2088","post","type-post","status-publish","format-standard","hentry","category-fotografia","tag-andoni-lamborena","tag-donibane-jaiak","tag-donibane-jaiak-muskiz","tag-fiestas-de-muskiz","tag-fiestas-de-muskiz-2011","tag-hoguera-san-juan","tag-lamborena","tag-muskiz","tag-muskiz-en-fiestas","tag-muskiz-jaietan","tag-muskizko-jaiak-2011","entry"],"_links":{"self":[{"href":"https:\/\/www.lamborena.com\/index.php?rest_route=\/wp\/v2\/posts\/2088","targetHints":{"allow":["GET"]}}],"collection":[{"href":"https:\/\/www.lamborena.com\/index.php?rest_route=\/wp\/v2\/posts"}],"about":[{"href":"https:\/\/www.lamborena.com\/index.php?rest_route=\/wp\/v2\/types\/post"}],"author":[{"embeddable":true,"href":"https:\/\/www.lamborena.com\/index.php?rest_route=\/wp\/v2\/users\/1"}],"replies":[{"embeddable":true,"href":"https:\/\/www.lamborena.com\/index.php?rest_route=%2Fwp%2Fv2%2Fcomments&post=2088"}],"version-history":[{"count":4,"href":"https:\/\/www.lamborena.com\/index.php?rest_route=\/wp\/v2\/posts\/2088\/revisions"}],"predecessor-version":[{"id":2091,"href":"https:\/\/www.lamborena.com\/index.php?rest_route=\/wp\/v2\/posts\/2088\/revisions\/2091"}],"wp:attachment":[{"href":"https:\/\/www.lamborena.com\/index.php?rest_route=%2Fwp%2Fv2%2Fmedia&parent=2088"}],"wp:term":[{"taxonomy":"category","embeddable":true,"href":"https:\/\/www.lamborena.com\/index.php?rest_route=%2Fwp%2Fv2%2Fcategories&post=2088"},{"taxonomy":"post_tag","embeddable":true,"href":"https:\/\/www.lamborena.com\/index.php?rest_route=%2Fwp%2Fv2%2Ftags&post=2088"}],"curies":[{"name":"wp","href":"https:\/\/api.w.org\/{rel}","templated":true}]}}