{"id":2132,"date":"2011-07-08T17:29:52","date_gmt":"2011-07-08T16:29:52","guid":{"rendered":"http:\/\/www.lamborena.com\/?p=2132"},"modified":"2011-07-08T18:02:18","modified_gmt":"2011-07-08T17:02:18","slug":"isladak-eta-hodeiak-barrikan","status":"publish","type":"post","link":"https:\/\/www.lamborena.com\/?p=2132","title":{"rendered":"Isladak eta hodeiak barrikan"},"content":{"rendered":"<p style=\"text-align: justify;\">Misma intenci\u00f3n, mismo lugar, mismo equipo&#8230; \u00bfQu\u00e9 cambia? Pues realmente, tan solo la orientaci\u00f3n de la c\u00e1mara. Para pasar de la foto de ayer a esta de hoy, tan solo hay que soltar la c\u00e1mara del plato de la r\u00f3tula y volverla a colocar aprovehando el plato en L una vez girada 90 grados&#8230;<\/p>\n<p style=\"text-align: justify;\">Son dos fotos muy distintas, pero con las similitudes citadas al principio. Es curioso como cambia una toma tan solo con girar la c\u00e1mara 90 grados. Bueno, no solo eso&#8230; El menor tiempo de exposici\u00f3n de esta segunda toma, tambi\u00e9n hace que el cielo cambie sustancialmente&#8230; En esta foto de hoy, creo que los reflejos le dan un peque\u00f1o plus a la foto que la otra no ten\u00eda (se ven mejor).<\/p>\n<p style=\"text-align: justify;\">En esta foto, dud\u00e9 si eliminar la parte superior dandole un recorte en el revelado, pero al final, creyendo que toda esa segunda l\u00ednea de nubes tambi\u00e9n aporta profundidad a la toma, decid\u00ed dejarla tal y como la tom\u00e9.<\/p>\n<p style=\"text-align: justify;\">Os dejo con ella. Feliz fin de semana a todos! Laster arte!<\/p>\n<p style=\"text-align: center;\"><img decoding=\"async\" style=\"border: 2px solid black;\" src=\"http:\/\/farm3.static.flickr.com\/2707\/5810767249_342ec75339.jpg\" alt=\"\" \/><\/p>\n","protected":false},"excerpt":{"rendered":"<p>Misma intenci\u00f3n, mismo lugar, mismo equipo&#8230; \u00bfQu\u00e9 cambia? Pues realmente, tan solo la orientaci\u00f3n de la c\u00e1mara. Para pasar de la foto de ayer a esta de hoy, tan solo hay que soltar la c\u00e1mara del plato de la r\u00f3tula y volverla a colocar aprovehando el plato en L una vez girada 90 grados&#8230; Son [&hellip;]<\/p>\n","protected":false},"author":1,"featured_media":0,"comment_status":"open","ping_status":"open","sticky":false,"template":"","format":"standard","meta":{"ngg_post_thumbnail":0,"footnotes":""},"categories":[6],"tags":[793,53,652,19,788,55,1075,73,62,1494,1014,87,46,163,139,280],"class_list":["post-2132","post","type-post","status-publish","format-standard","hentry","category-fotografia","tag-17-40","tag-andoni-lamborena","tag-barrika","tag-bizkaia","tag-bizkaiko-kostaldea","tag-canon","tag-costa-de-bizkaia","tag-degradado-inverso","tag-kostaldea","tag-lamborena","tag-lee","tag-reverse-grad","tag-singh-ray","tag-singh-ray-filters","tag-singh-ray-inverso","tag-singh-ray-reverse","entry"],"_links":{"self":[{"href":"https:\/\/www.lamborena.com\/index.php?rest_route=\/wp\/v2\/posts\/2132","targetHints":{"allow":["GET"]}}],"collection":[{"href":"https:\/\/www.lamborena.com\/index.php?rest_route=\/wp\/v2\/posts"}],"about":[{"href":"https:\/\/www.lamborena.com\/index.php?rest_route=\/wp\/v2\/types\/post"}],"author":[{"embeddable":true,"href":"https:\/\/www.lamborena.com\/index.php?rest_route=\/wp\/v2\/users\/1"}],"replies":[{"embeddable":true,"href":"https:\/\/www.lamborena.com\/index.php?rest_route=%2Fwp%2Fv2%2Fcomments&post=2132"}],"version-history":[{"count":4,"href":"https:\/\/www.lamborena.com\/index.php?rest_route=\/wp\/v2\/posts\/2132\/revisions"}],"predecessor-version":[{"id":2134,"href":"https:\/\/www.lamborena.com\/index.php?rest_route=\/wp\/v2\/posts\/2132\/revisions\/2134"}],"wp:attachment":[{"href":"https:\/\/www.lamborena.com\/index.php?rest_route=%2Fwp%2Fv2%2Fmedia&parent=2132"}],"wp:term":[{"taxonomy":"category","embeddable":true,"href":"https:\/\/www.lamborena.com\/index.php?rest_route=%2Fwp%2Fv2%2Fcategories&post=2132"},{"taxonomy":"post_tag","embeddable":true,"href":"https:\/\/www.lamborena.com\/index.php?rest_route=%2Fwp%2Fv2%2Ftags&post=2132"}],"curies":[{"name":"wp","href":"https:\/\/api.w.org\/{rel}","templated":true}]}}