{"id":2145,"date":"2011-07-14T23:50:35","date_gmt":"2011-07-14T22:50:35","guid":{"rendered":"http:\/\/www.lamborena.com\/?p=2145"},"modified":"2011-07-14T23:50:35","modified_gmt":"2011-07-14T22:50:35","slug":"ilunabar-iluna-sonabian","status":"publish","type":"post","link":"https:\/\/www.lamborena.com\/?p=2145","title":{"rendered":"Ilunabar iluna Sonabian"},"content":{"rendered":"<p style=\"text-align: justify;\">Hoy os presento una foto realizada el pasado d\u00eda 10 de junio en Sonabia. Aquella tarde nos juntamos unos cuantos aficionados a la fotograf\u00eda por aquellos lares.<\/p>\n<p style=\"text-align: justify;\">Como v\u00e9is, ya empiezo a acumular trabajos sin subir y el retraso es ya de m\u00e1s de un mes. Me suele pasar todos los veranos&#8230;<\/p>\n<p style=\"text-align: justify;\">La toma la realic\u00e9 desde uno de los puntos que m\u00e1s me gustan de Sonabia. Se trata de un peque\u00f1o saliente con una orientaci\u00f3n interesante que permite distintas opciones de encuadre y que por si esto fuera poco, es bastante agradecido con las mareas.<\/p>\n<p style=\"text-align: justify;\">Con la ayuda de un degradado inverso y un ND de 3 pasos consegu\u00ed exponer la foto tal y como la veis aqu\u00ed. Los par\u00e1metros no los voy a repetir porque son los habituales&#8230; Diafragma cerrado, baja sensibilidad, larga exposici\u00f3n, etc&#8230;<\/p>\n<p style=\"text-align: justify;\">Os dejo con ella. Laster arte!<\/p>\n<p style=\"text-align: center;\"><img decoding=\"async\" style=\"border: 2px solid black;\" src=\"http:\/\/farm3.static.flickr.com\/2708\/5819561400_a341ee9e07.jpg\" alt=\"\" \/><\/p>\n","protected":false},"excerpt":{"rendered":"<p>Hoy os presento una foto realizada el pasado d\u00eda 10 de junio en Sonabia. Aquella tarde nos juntamos unos cuantos aficionados a la fotograf\u00eda por aquellos lares. Como v\u00e9is, ya empiezo a acumular trabajos sin subir y el retraso es ya de m\u00e1s de un mes. Me suele pasar todos los veranos&#8230; La toma la [&hellip;]<\/p>\n","protected":false},"author":1,"featured_media":0,"comment_status":"open","ping_status":"open","sticky":false,"template":"","format":"standard","meta":{"ngg_post_thumbnail":0,"footnotes":""},"categories":[6],"tags":[53,1083,15,73,1494,1014,1049,1023,550,46,139,280,130],"class_list":["post-2145","post","type-post","status-publish","format-standard","hentry","category-fotografia","tag-andoni-lamborena","tag-cabo-cebollero","tag-cantabria","tag-degradado-inverso","tag-lamborena","tag-lee","tag-lee-filters","tag-lee-proglass","tag-orinon","tag-singh-ray","tag-singh-ray-inverso","tag-singh-ray-reverse","tag-sonabia","entry"],"_links":{"self":[{"href":"https:\/\/www.lamborena.com\/index.php?rest_route=\/wp\/v2\/posts\/2145","targetHints":{"allow":["GET"]}}],"collection":[{"href":"https:\/\/www.lamborena.com\/index.php?rest_route=\/wp\/v2\/posts"}],"about":[{"href":"https:\/\/www.lamborena.com\/index.php?rest_route=\/wp\/v2\/types\/post"}],"author":[{"embeddable":true,"href":"https:\/\/www.lamborena.com\/index.php?rest_route=\/wp\/v2\/users\/1"}],"replies":[{"embeddable":true,"href":"https:\/\/www.lamborena.com\/index.php?rest_route=%2Fwp%2Fv2%2Fcomments&post=2145"}],"version-history":[{"count":1,"href":"https:\/\/www.lamborena.com\/index.php?rest_route=\/wp\/v2\/posts\/2145\/revisions"}],"predecessor-version":[{"id":2146,"href":"https:\/\/www.lamborena.com\/index.php?rest_route=\/wp\/v2\/posts\/2145\/revisions\/2146"}],"wp:attachment":[{"href":"https:\/\/www.lamborena.com\/index.php?rest_route=%2Fwp%2Fv2%2Fmedia&parent=2145"}],"wp:term":[{"taxonomy":"category","embeddable":true,"href":"https:\/\/www.lamborena.com\/index.php?rest_route=%2Fwp%2Fv2%2Fcategories&post=2145"},{"taxonomy":"post_tag","embeddable":true,"href":"https:\/\/www.lamborena.com\/index.php?rest_route=%2Fwp%2Fv2%2Ftags&post=2145"}],"curies":[{"name":"wp","href":"https:\/\/api.w.org\/{rel}","templated":true}]}}