{"id":2175,"date":"2011-08-30T18:02:17","date_gmt":"2011-08-30T17:02:17","guid":{"rendered":"http:\/\/www.lamborena.com\/?p=2175"},"modified":"2011-08-30T18:02:17","modified_gmt":"2011-08-30T17:02:17","slug":"ogeia-iluntzean","status":"publish","type":"post","link":"https:\/\/www.lamborena.com\/?p=2175","title":{"rendered":"Ogeia iluntzean"},"content":{"rendered":"<p style=\"text-align: justify;\">Ten\u00eda desde hace tiempo en mente visitar esta playa de la comarca de Lea-Artibai&#8230; Situada en Ispaster, Ogeia es un lugar en el que perder horas disfrutando de la fotograf\u00eda si la luz acompa\u00f1a.<\/p>\n<p style=\"text-align: justify;\">Con ganas de disfrutar de un bonito atardecer partimos desde Muskiz con direcci\u00f3n a Ogeia el pasado 29 de junio. Aprovech\u00e9 la ocasi\u00f3n para saludar a un viejo amigo con el que comparto afici\u00f3n y que es buen conocedor de la zona. El amigo <a href=\"http:\/\/www.flickr.com\/photos\/_erlig\/\" target=\"_blank\">Erlantz<\/a> se vino sin c\u00e1mara, as\u00ed que me debe una visita fotogr\u00e1fica a mi zona para resarcirse!<\/p>\n<p style=\"text-align: justify;\">La tarde pintaba bien, con muchas nubes grandes en el horizonte, as\u00ed que empezamos a hacer fotos antes de que bajara el sol. La verdad es que hice m\u00e1s fotos de lo habitual aquel d\u00eda. Esta que os presento hoy fue la primera que revel\u00e9. La realic\u00e9 con una focal de 28mm a ISO100 y F16, exponiendo 20 segundos. Los filtros utilizados en esta toma son: ND0&#8217;9, degradado inverso 0&#8217;9 y polarizador circular.<\/p>\n<p style=\"text-align: justify;\">El sitio nos encant\u00f3, as\u00ed que habr\u00e1 que volver por all\u00ed. Creo que le debemos un amanecer a este playa&#8230;<\/p>\n<p style=\"text-align: justify;\">Os dejo con la foto. Laster arte!<\/p>\n<p style=\"text-align: center;\"><img decoding=\"async\" style=\"border: 2px solid black;\" src=\"http:\/\/farm6.static.flickr.com\/5157\/5886310352_e9c0bed8aa.jpg\" alt=\"\" \/><\/p>\n","protected":false},"excerpt":{"rendered":"<p>Ten\u00eda desde hace tiempo en mente visitar esta playa de la comarca de Lea-Artibai&#8230; Situada en Ispaster, Ogeia es un lugar en el que perder horas disfrutando de la fotograf\u00eda si la luz acompa\u00f1a. Con ganas de disfrutar de un bonito atardecer partimos desde Muskiz con direcci\u00f3n a Ogeia el pasado 29 de junio. Aprovech\u00e9 [&hellip;]<\/p>\n","protected":false},"author":1,"featured_media":0,"comment_status":"open","ping_status":"open","sticky":false,"template":"","format":"standard","meta":{"ngg_post_thumbnail":0,"footnotes":""},"categories":[6],"tags":[53,1089,1494,1091,1014,1023,1088,1090,46,139,280],"class_list":["post-2175","post","type-post","status-publish","format-standard","hentry","category-fotografia","tag-andoni-lamborena","tag-ispaster","tag-lamborena","tag-lea-artibai","tag-lee","tag-lee-proglass","tag-ogeia","tag-ogella","tag-singh-ray","tag-singh-ray-inverso","tag-singh-ray-reverse","entry"],"_links":{"self":[{"href":"https:\/\/www.lamborena.com\/index.php?rest_route=\/wp\/v2\/posts\/2175","targetHints":{"allow":["GET"]}}],"collection":[{"href":"https:\/\/www.lamborena.com\/index.php?rest_route=\/wp\/v2\/posts"}],"about":[{"href":"https:\/\/www.lamborena.com\/index.php?rest_route=\/wp\/v2\/types\/post"}],"author":[{"embeddable":true,"href":"https:\/\/www.lamborena.com\/index.php?rest_route=\/wp\/v2\/users\/1"}],"replies":[{"embeddable":true,"href":"https:\/\/www.lamborena.com\/index.php?rest_route=%2Fwp%2Fv2%2Fcomments&post=2175"}],"version-history":[{"count":2,"href":"https:\/\/www.lamborena.com\/index.php?rest_route=\/wp\/v2\/posts\/2175\/revisions"}],"predecessor-version":[{"id":2177,"href":"https:\/\/www.lamborena.com\/index.php?rest_route=\/wp\/v2\/posts\/2175\/revisions\/2177"}],"wp:attachment":[{"href":"https:\/\/www.lamborena.com\/index.php?rest_route=%2Fwp%2Fv2%2Fmedia&parent=2175"}],"wp:term":[{"taxonomy":"category","embeddable":true,"href":"https:\/\/www.lamborena.com\/index.php?rest_route=%2Fwp%2Fv2%2Fcategories&post=2175"},{"taxonomy":"post_tag","embeddable":true,"href":"https:\/\/www.lamborena.com\/index.php?rest_route=%2Fwp%2Fv2%2Ftags&post=2175"}],"curies":[{"name":"wp","href":"https:\/\/api.w.org\/{rel}","templated":true}]}}