{"id":2285,"date":"2011-12-10T20:21:33","date_gmt":"2011-12-10T19:21:33","guid":{"rendered":"http:\/\/www.lamborena.com\/?p=2285"},"modified":"2011-12-10T20:21:33","modified_gmt":"2011-12-10T19:21:33","slug":"costa-astur-apagada","status":"publish","type":"post","link":"https:\/\/www.lamborena.com\/?p=2285","title":{"rendered":"Costa Astur apagada"},"content":{"rendered":"<p style=\"text-align: justify;\">Dec\u00eda en flickr al subir esta foto que aquel d\u00eda a alguien se le debi\u00f3 de olvidar dar las luces, y nada m\u00e1s cerca de la realidad&#8230; Poquita luz y pocas opciones para adornar el tercio superior de la toma. Me da mucha rabia estar tan lejos de casa, con un paisaje tan espectacular delante y no poder traerme una buena foto. Se que es la ley de la fotograf\u00eda de naturaleza y paisaje, pero como digo, \u00a1me da rabia!<\/p>\n<p style=\"text-align: justify;\">Aquel d\u00eda prob\u00e9 pocas cosas porque estaba acompa\u00f1ado y no era cuesti\u00f3n de perder all\u00ed la tarde entera. Una de las cosas que prob\u00e9 y que me di\u00f3 un resultado nefasto fue combinar el Big Stopper con el polarizador circular de 105mm. La foto sali\u00f3 como partida en dos. Una mitad estaba bien y la otra ten\u00eda distinto color y se notaba la franja en la que comenzaba el cambio. Curiosamente, no era la primera vez que me pasaba, as\u00ed que tras aquella experiencia, hab\u00eda dejado de combinar estos dos filtros. Suerte que este pasado fin de semana andaba yo con ganas de experimentar, prob\u00e9 de nuevo y el resultado ha sido satisfactorio&#8230; Creo que tendr\u00e9 que estudiar con detalle bajo qu\u00e9 condiciones se da el fallo.<\/p>\n<p style=\"text-align: justify;\">Poco m\u00e1s que contar por hoy&#8230; Os dejo con la foto. Laster arte!<\/p>\n<p style=\"text-align: center;\"><img decoding=\"async\" style=\"margin-left: 2px; margin-right: 2px;\" src=\"http:\/\/farm7.staticflickr.com\/6086\/6025345237_33b49eec0b.jpg\" alt=\"\" \/><\/p>\n<p style=\"text-align: justify;\">&nbsp;<\/p>\n","protected":false},"excerpt":{"rendered":"<p>Dec\u00eda en flickr al subir esta foto que aquel d\u00eda a alguien se le debi\u00f3 de olvidar dar las luces, y nada m\u00e1s cerca de la realidad&#8230; Poquita luz y pocas opciones para adornar el tercio superior de la toma. Me da mucha rabia estar tan lejos de casa, con un paisaje tan espectacular delante [&hellip;]<\/p>\n","protected":false},"author":1,"featured_media":0,"comment_status":"open","ping_status":"open","sticky":false,"template":"","format":"standard","meta":{"ngg_post_thumbnail":0,"footnotes":""},"categories":[6],"tags":[733,55,1077,1111,1112,1494,1014,1049,1113],"class_list":["post-2285","post","type-post","status-publish","format-standard","hentry","category-fotografia","tag-asturias","tag-canon","tag-filtros-lee","tag-huelga","tag-la-huelga","tag-lamborena","tag-lee","tag-lee-filters","tag-llanes","entry"],"_links":{"self":[{"href":"https:\/\/www.lamborena.com\/index.php?rest_route=\/wp\/v2\/posts\/2285","targetHints":{"allow":["GET"]}}],"collection":[{"href":"https:\/\/www.lamborena.com\/index.php?rest_route=\/wp\/v2\/posts"}],"about":[{"href":"https:\/\/www.lamborena.com\/index.php?rest_route=\/wp\/v2\/types\/post"}],"author":[{"embeddable":true,"href":"https:\/\/www.lamborena.com\/index.php?rest_route=\/wp\/v2\/users\/1"}],"replies":[{"embeddable":true,"href":"https:\/\/www.lamborena.com\/index.php?rest_route=%2Fwp%2Fv2%2Fcomments&post=2285"}],"version-history":[{"count":1,"href":"https:\/\/www.lamborena.com\/index.php?rest_route=\/wp\/v2\/posts\/2285\/revisions"}],"predecessor-version":[{"id":2286,"href":"https:\/\/www.lamborena.com\/index.php?rest_route=\/wp\/v2\/posts\/2285\/revisions\/2286"}],"wp:attachment":[{"href":"https:\/\/www.lamborena.com\/index.php?rest_route=%2Fwp%2Fv2%2Fmedia&parent=2285"}],"wp:term":[{"taxonomy":"category","embeddable":true,"href":"https:\/\/www.lamborena.com\/index.php?rest_route=%2Fwp%2Fv2%2Fcategories&post=2285"},{"taxonomy":"post_tag","embeddable":true,"href":"https:\/\/www.lamborena.com\/index.php?rest_route=%2Fwp%2Fv2%2Ftags&post=2285"}],"curies":[{"name":"wp","href":"https:\/\/api.w.org\/{rel}","templated":true}]}}