{"id":2299,"date":"2011-12-16T21:06:28","date_gmt":"2011-12-16T20:06:28","guid":{"rendered":"http:\/\/www.lamborena.com\/?p=2299"},"modified":"2011-12-16T21:06:28","modified_gmt":"2011-12-16T20:06:28","slug":"kantauriko-atea","status":"publish","type":"post","link":"https:\/\/www.lamborena.com\/?p=2299","title":{"rendered":"Kantauriko atea"},"content":{"rendered":"<p style=\"text-align: justify;\">Cl\u00e1sica entre los c\u00e1sicos del Cant\u00e1brico, \u00abLa Puerta\u00bb de Liencres me hechiza cada vez que la visito&#8230; Tengo muchas fotos de este lugar: Encuadres distintos, repetidos, etc&#8230; Ninguno de ellos me ha llegado a cansar a\u00fan. Me parece un lugar id\u00edlico.<\/p>\n<p style=\"text-align: justify;\">La foto est\u00e1 tomada al ocaso de una tarde de agosto. Para mi gusto no tiene nada y lo tiene todo. Quiero decir que no se ha empleado ninguna t\u00e9cnica especial ni se ha utilizado una composici\u00f3n arriesgada ni nada por el estilo, pero a su vez, tiene color, textura y lo que para mi es m\u00e1s importante: atractivo visual. Como siempre que escribo, no deja de ser una opini\u00f3n personal e intransferible. La de un aficionado. La m\u00eda&#8230;<\/p>\n<p style=\"text-align: justify;\">Os dejo con ella. Laster arte!<\/p>\n<p style=\"text-align: center;\"><img decoding=\"async\" style=\"border: 2px solid black;\" src=\"http:\/\/farm7.staticflickr.com\/6146\/6028453451_dd4f2493e3.jpg\" alt=\"\" \/><\/p>\n","protected":false},"excerpt":{"rendered":"<p>Cl\u00e1sica entre los c\u00e1sicos del Cant\u00e1brico, \u00abLa Puerta\u00bb de Liencres me hechiza cada vez que la visito&#8230; Tengo muchas fotos de este lugar: Encuadres distintos, repetidos, etc&#8230; Ninguno de ellos me ha llegado a cansar a\u00fan. Me parece un lugar id\u00edlico. La foto est\u00e1 tomada al ocaso de una tarde de agosto. Para mi gusto [&hellip;]<\/p>\n","protected":false},"author":1,"featured_media":0,"comment_status":"open","ping_status":"open","sticky":false,"template":"","format":"standard","meta":{"ngg_post_thumbnail":0,"footnotes":""},"categories":[6],"tags":[53,55,687,73,281,276,758,963,1494,1049,91,685,1130,87,1131,46,163,280],"class_list":["post-2299","post","type-post","status-publish","format-standard","hentry","category-fotografia","tag-andoni-lamborena","tag-canon","tag-costa-quebrada","tag-degradado-inverso","tag-filtro-degradado-inverso","tag-hitech-filters","tag-inverso","tag-la-puerta","tag-lamborena","tag-lee-filters","tag-liencres","tag-los-urros","tag-reverse-filters","tag-reverse-grad","tag-reverse-grad-filter","tag-singh-ray","tag-singh-ray-filters","tag-singh-ray-reverse","entry"],"_links":{"self":[{"href":"https:\/\/www.lamborena.com\/index.php?rest_route=\/wp\/v2\/posts\/2299","targetHints":{"allow":["GET"]}}],"collection":[{"href":"https:\/\/www.lamborena.com\/index.php?rest_route=\/wp\/v2\/posts"}],"about":[{"href":"https:\/\/www.lamborena.com\/index.php?rest_route=\/wp\/v2\/types\/post"}],"author":[{"embeddable":true,"href":"https:\/\/www.lamborena.com\/index.php?rest_route=\/wp\/v2\/users\/1"}],"replies":[{"embeddable":true,"href":"https:\/\/www.lamborena.com\/index.php?rest_route=%2Fwp%2Fv2%2Fcomments&post=2299"}],"version-history":[{"count":2,"href":"https:\/\/www.lamborena.com\/index.php?rest_route=\/wp\/v2\/posts\/2299\/revisions"}],"predecessor-version":[{"id":2301,"href":"https:\/\/www.lamborena.com\/index.php?rest_route=\/wp\/v2\/posts\/2299\/revisions\/2301"}],"wp:attachment":[{"href":"https:\/\/www.lamborena.com\/index.php?rest_route=%2Fwp%2Fv2%2Fmedia&parent=2299"}],"wp:term":[{"taxonomy":"category","embeddable":true,"href":"https:\/\/www.lamborena.com\/index.php?rest_route=%2Fwp%2Fv2%2Fcategories&post=2299"},{"taxonomy":"post_tag","embeddable":true,"href":"https:\/\/www.lamborena.com\/index.php?rest_route=%2Fwp%2Fv2%2Ftags&post=2299"}],"curies":[{"name":"wp","href":"https:\/\/api.w.org\/{rel}","templated":true}]}}