{"id":2302,"date":"2011-12-20T13:07:54","date_gmt":"2011-12-20T12:07:54","guid":{"rendered":"http:\/\/www.lamborena.com\/?p=2302"},"modified":"2011-12-20T13:09:27","modified_gmt":"2011-12-20T12:09:27","slug":"o-grove","status":"publish","type":"post","link":"https:\/\/www.lamborena.com\/?p=2302","title":{"rendered":"O Grove"},"content":{"rendered":"<p style=\"text-align: justify;\">Esta de hoy es la \u00fanica foto que realic\u00e9 en las pasadas vacaciones veraniegas&#8230; \u00a1\u00a1\u00a1Ufff!!! \u00a1\u00a1Con el fr\u00edo que hace y hablando de las vacaciones de verano!!<\/p>\n<p style=\"text-align: justify;\">Como ya he contado en el blog, por aquel entonces me encontraba lesionado, con un fuerte esguince de tobillo que manten\u00eda mi movilidad bastante reducida. En todas las vacaciones solo pude hacer una peque\u00f1a escapada fotogr\u00e1fica, precisamente el \u00faltimo d\u00eda antes de comenzar el regreso a casa.<\/p>\n<p style=\"text-align: justify;\">Aprovech\u00e9 la ocasi\u00f3n para ir al atardecer a una zona de calas en O Grove que hab\u00eda conocido d\u00edas antes y que nos sirvi\u00f3 aquellos d\u00edas para tomar el sol y darnos unos chapuzones en familia. No ten\u00eda muy claro como ser\u00eda la puesta de sol desde aquel punto y para m\u00e1s inri, aquella tarde se levant\u00f3 algo de viento. El justo para llevarse las pocas nubes que hab\u00eda.<\/p>\n<p style=\"text-align: justify;\">El sitio me pareci\u00f3 espectacular. Lo suficiente como para poder dedicarle unas cuantas jornadas fotogr\u00e1ficas. Tiene unas rocas muy atractivas que me hac\u00edan recordar a las que he visto en fotos de Los Barruecos.<\/p>\n<p style=\"text-align: justify;\">Busqu\u00e9 un punto alto desde el que poder captar una zona amplia del paisaje. La marea estaba baja y hab\u00eda demasiadas pisadas en la arena para mi gusto, as\u00ed que la ubicaci\u00f3n alta fue mi primera decisi\u00f3n. Despu\u00e9s tambi\u00e9n prob\u00e9 con alg\u00fan encuadre desde la arena, pero no me convencieron demasiado los resultados.<\/p>\n<p style=\"text-align: justify;\">Os dejo con la foto, realizada con el degradado inverso de 3 pasos. Laster arte!<\/p>\n<p style=\"text-align: center;\"><img decoding=\"async\" style=\"border: 2px solid black;\" src=\"http:\/\/farm7.staticflickr.com\/6184\/6034451665_be521eb7f6.jpg\" alt=\"\" \/><\/p>\n","protected":false},"excerpt":{"rendered":"<p>Esta de hoy es la \u00fanica foto que realic\u00e9 en las pasadas vacaciones veraniegas&#8230; \u00a1\u00a1\u00a1Ufff!!! \u00a1\u00a1Con el fr\u00edo que hace y hablando de las vacaciones de verano!! Como ya he contado en el blog, por aquel entonces me encontraba lesionado, con un fuerte esguince de tobillo que manten\u00eda mi movilidad bastante reducida. En todas las [&hellip;]<\/p>\n","protected":false},"author":1,"featured_media":0,"comment_status":"open","ping_status":"open","sticky":false,"template":"","format":"standard","meta":{"ngg_post_thumbnail":0,"footnotes":""},"categories":[6],"tags":[675,8,55,1134,275,740,1494,1132,63,1135,1133,1136,46,24],"class_list":["post-2302","post","type-post","status-publish","format-standard","hentry","category-fotografia","tag-5d2","tag-atardecer","tag-canon","tag-galicia","tag-hitech","tag-hitech-reverse","tag-lamborena","tag-o-grove","tag-paisaje","tag-pontevedra","tag-rias-baixas","tag-sanxenxo","tag-singh-ray","tag-sunset","entry"],"_links":{"self":[{"href":"https:\/\/www.lamborena.com\/index.php?rest_route=\/wp\/v2\/posts\/2302","targetHints":{"allow":["GET"]}}],"collection":[{"href":"https:\/\/www.lamborena.com\/index.php?rest_route=\/wp\/v2\/posts"}],"about":[{"href":"https:\/\/www.lamborena.com\/index.php?rest_route=\/wp\/v2\/types\/post"}],"author":[{"embeddable":true,"href":"https:\/\/www.lamborena.com\/index.php?rest_route=\/wp\/v2\/users\/1"}],"replies":[{"embeddable":true,"href":"https:\/\/www.lamborena.com\/index.php?rest_route=%2Fwp%2Fv2%2Fcomments&post=2302"}],"version-history":[{"count":3,"href":"https:\/\/www.lamborena.com\/index.php?rest_route=\/wp\/v2\/posts\/2302\/revisions"}],"predecessor-version":[{"id":2304,"href":"https:\/\/www.lamborena.com\/index.php?rest_route=\/wp\/v2\/posts\/2302\/revisions\/2304"}],"wp:attachment":[{"href":"https:\/\/www.lamborena.com\/index.php?rest_route=%2Fwp%2Fv2%2Fmedia&parent=2302"}],"wp:term":[{"taxonomy":"category","embeddable":true,"href":"https:\/\/www.lamborena.com\/index.php?rest_route=%2Fwp%2Fv2%2Fcategories&post=2302"},{"taxonomy":"post_tag","embeddable":true,"href":"https:\/\/www.lamborena.com\/index.php?rest_route=%2Fwp%2Fv2%2Ftags&post=2302"}],"curies":[{"name":"wp","href":"https:\/\/api.w.org\/{rel}","templated":true}]}}