{"id":2368,"date":"2012-03-04T23:23:57","date_gmt":"2012-03-04T22:23:57","guid":{"rendered":"http:\/\/www.lamborena.com\/?p=2368"},"modified":"2012-03-04T23:23:57","modified_gmt":"2012-03-04T22:23:57","slug":"huelga-rocks","status":"publish","type":"post","link":"https:\/\/www.lamborena.com\/?p=2368","title":{"rendered":"Huelga rocks"},"content":{"rendered":"<p>Para terminar la semana subo al blog la segunda toma de la serie que comenc\u00e9 en el anterior post. En unas semanas subir\u00e9 una versi\u00f3n distinta de esta misma toma de hoy, realizada un buen rato despu\u00e9s, en la hora azul.<\/p>\n<p>En esta ocasi\u00f3n utilic\u00e9 el formato horizontal y a\u00f1ad\u00ed un primer plano generoso con la intenci\u00f3n de que compensara el peso de la zona derecha de la foto y a su vez hiciera de gu\u00eda visual hacia el protagnista de la foto, que no es otro que el conocido \u00abCastro de las gaviotas\u00bb de la playa de \u00abLa huelga\u00bb en Llanes.<\/p>\n<p>Este es uno de esos lugares que te engancha y al que volver\u00edas cuantas veces hiciera falta hasta conseguir llevarte una foto de tu agrado. Pena que est\u00e9 tan lejos de casa&#8230;<\/p>\n<p>Os dejo con la foto. Un saludo y gracias por seguir ah\u00ed.<\/p>\n<p style=\"text-align: center;\"><img decoding=\"async\" style=\"border: 2px solid black;\" src=\"http:\/\/farm7.staticflickr.com\/6019\/6211966043_581717e944.jpg\" alt=\"\" \/><\/p>\n<p>&nbsp;<\/p>\n","protected":false},"excerpt":{"rendered":"<p>Para terminar la semana subo al blog la segunda toma de la serie que comenc\u00e9 en el anterior post. En unas semanas subir\u00e9 una versi\u00f3n distinta de esta misma toma de hoy, realizada un buen rato despu\u00e9s, en la hora azul. En esta ocasi\u00f3n utilic\u00e9 el formato horizontal y a\u00f1ad\u00ed un primer plano generoso con [&hellip;]<\/p>\n","protected":false},"author":1,"featured_media":0,"comment_status":"open","ping_status":"open","sticky":false,"template":"","format":"standard","meta":{"ngg_post_thumbnail":0,"footnotes":""},"categories":[6],"tags":[793,746,675,733,55,73,1099,1493,1161,1111,758,1163,1112,1494,231,1113,63,86,1098,48,46,1162],"class_list":["post-2368","post","type-post","status-publish","format-standard","hentry","category-fotografia","tag-17-40","tag-5d-mark-2","tag-5d2","tag-asturias","tag-canon","tag-degradado-inverso","tag-filtro-inverso","tag-fotografia","tag-hontoria","tag-huelga","tag-inverso","tag-itsas-paisaia","tag-la-huelga","tag-lamborena","tag-landscape","tag-llanes","tag-paisaje","tag-paisaje-marino","tag-reverse","tag-seascape","tag-singh-ray","tag-villahornes","entry"],"_links":{"self":[{"href":"https:\/\/www.lamborena.com\/index.php?rest_route=\/wp\/v2\/posts\/2368","targetHints":{"allow":["GET"]}}],"collection":[{"href":"https:\/\/www.lamborena.com\/index.php?rest_route=\/wp\/v2\/posts"}],"about":[{"href":"https:\/\/www.lamborena.com\/index.php?rest_route=\/wp\/v2\/types\/post"}],"author":[{"embeddable":true,"href":"https:\/\/www.lamborena.com\/index.php?rest_route=\/wp\/v2\/users\/1"}],"replies":[{"embeddable":true,"href":"https:\/\/www.lamborena.com\/index.php?rest_route=%2Fwp%2Fv2%2Fcomments&post=2368"}],"version-history":[{"count":2,"href":"https:\/\/www.lamborena.com\/index.php?rest_route=\/wp\/v2\/posts\/2368\/revisions"}],"predecessor-version":[{"id":2370,"href":"https:\/\/www.lamborena.com\/index.php?rest_route=\/wp\/v2\/posts\/2368\/revisions\/2370"}],"wp:attachment":[{"href":"https:\/\/www.lamborena.com\/index.php?rest_route=%2Fwp%2Fv2%2Fmedia&parent=2368"}],"wp:term":[{"taxonomy":"category","embeddable":true,"href":"https:\/\/www.lamborena.com\/index.php?rest_route=%2Fwp%2Fv2%2Fcategories&post=2368"},{"taxonomy":"post_tag","embeddable":true,"href":"https:\/\/www.lamborena.com\/index.php?rest_route=%2Fwp%2Fv2%2Ftags&post=2368"}],"curies":[{"name":"wp","href":"https:\/\/api.w.org\/{rel}","templated":true}]}}