{"id":2384,"date":"2012-03-30T12:31:03","date_gmt":"2012-03-30T11:31:03","guid":{"rendered":"http:\/\/www.lamborena.com\/?p=2384"},"modified":"2012-03-30T12:31:03","modified_gmt":"2012-03-30T11:31:03","slug":"frescor-otonal","status":"publish","type":"post","link":"https:\/\/www.lamborena.com\/?p=2384","title":{"rendered":"Frescor oto\u00f1al"},"content":{"rendered":"<p style=\"text-align: justify;\">Tras varios d\u00edas de inactividad, retomo hoy el blog para presentaros otra de las fotos del pasado oto\u00f1o.\u00a0 Esta toma la realic\u00e9 en el Parque Natural de Gorbeia en el mes de octubre.<\/p>\n<p style=\"text-align: justify;\">En 2011 realic\u00e9 varias salidas al bosque durante el oto\u00f1o, con lo que he conseguido aumentar ligeramente el archivo de este tipo de fotos. Tal y como coment\u00e9 en otro post, no fue un oto\u00f1o al uso el de 2011, pero pude sacarle bastante partido y visit\u00e9 lugares como el Monte Santiago, Gorbeia, Karrantza o el valle de As\u00f3n, por ejemplo.<\/p>\n<p style=\"text-align: justify;\">Cuando visit\u00e9 esta zona, las primeras hojas comenzaban a caer. Empezaba a hacer viento y \u00e9ste se llevaba las hojas de las hayas, que a\u00fan manten\u00edan el color verde&#8230; Les cost\u00f3 mucho coger colorido oto\u00f1al y cuando lo hicieron, tardaron poco en desaparecer&#8230;<\/p>\n<p style=\"text-align: justify;\">Para realizar esta toma \u00fanicamente utilic\u00e9 el polarizador circular montado sobre el objetivo. Buscaba una toma con una profundidad de campo reducida. Quer\u00eda obtener detalle y nitidez en las ra\u00edcies y el tronco, pero pretend\u00eda que el fondo estuviese lo m\u00e1s desenfocado posible. Para conseguir esto, busqu\u00e9 un punto de vista muy bajo y me alej\u00e9 cuanto pude de la escena sin perder la perspectiva, seleccion\u00e9 una focal lo m\u00e1s larga posible y una abertura m\u00ednima. Cumpl\u00ed el objetivo, aunque con una lente m\u00e1s luminosa, podr\u00eda haber conseguido difuminar m\u00e1s el fondo.<\/p>\n<p style=\"text-align: justify;\">Os dejo con la toma. Hoy cojo vacaciones, as\u00ed que espero escribir con mayor asiduidad durante estas dos pr\u00f3ximas semanas. Estoy preparando viaje a Asturias durante las vacaciones&#8230; Toca monta\u00f1a y relax!<\/p>\n<p style=\"text-align: center;\"><img decoding=\"async\" style=\"border: 2px solid black;\" src=\"http:\/\/farm7.staticflickr.com\/6216\/6297852659_b69c07ab16.jpg\" alt=\"\" \/><\/p>\n","protected":false},"excerpt":{"rendered":"<p>Tras varios d\u00edas de inactividad, retomo hoy el blog para presentaros otra de las fotos del pasado oto\u00f1o.\u00a0 Esta toma la realic\u00e9 en el Parque Natural de Gorbeia en el mes de octubre. En 2011 realic\u00e9 varias salidas al bosque durante el oto\u00f1o, con lo que he conseguido aumentar ligeramente el archivo de este tipo [&hellip;]<\/p>\n","protected":false},"author":1,"featured_media":0,"comment_status":"open","ping_status":"open","sticky":false,"template":"","format":"standard","meta":{"ngg_post_thumbnail":0,"footnotes":""},"categories":[6],"tags":[19,55,578,577,1177,581,1494,1181,1182,1179,450,1180],"class_list":["post-2384","post","type-post","status-publish","format-standard","hentry","category-fotografia","tag-bizkaia","tag-canon","tag-gorbea","tag-gorbeia","tag-haya","tag-hayedo","tag-lamborena","tag-pagadi","tag-pago","tag-raices","tag-rodenstock","tag-sustraiak","entry"],"_links":{"self":[{"href":"https:\/\/www.lamborena.com\/index.php?rest_route=\/wp\/v2\/posts\/2384","targetHints":{"allow":["GET"]}}],"collection":[{"href":"https:\/\/www.lamborena.com\/index.php?rest_route=\/wp\/v2\/posts"}],"about":[{"href":"https:\/\/www.lamborena.com\/index.php?rest_route=\/wp\/v2\/types\/post"}],"author":[{"embeddable":true,"href":"https:\/\/www.lamborena.com\/index.php?rest_route=\/wp\/v2\/users\/1"}],"replies":[{"embeddable":true,"href":"https:\/\/www.lamborena.com\/index.php?rest_route=%2Fwp%2Fv2%2Fcomments&post=2384"}],"version-history":[{"count":1,"href":"https:\/\/www.lamborena.com\/index.php?rest_route=\/wp\/v2\/posts\/2384\/revisions"}],"predecessor-version":[{"id":2385,"href":"https:\/\/www.lamborena.com\/index.php?rest_route=\/wp\/v2\/posts\/2384\/revisions\/2385"}],"wp:attachment":[{"href":"https:\/\/www.lamborena.com\/index.php?rest_route=%2Fwp%2Fv2%2Fmedia&parent=2384"}],"wp:term":[{"taxonomy":"category","embeddable":true,"href":"https:\/\/www.lamborena.com\/index.php?rest_route=%2Fwp%2Fv2%2Fcategories&post=2384"},{"taxonomy":"post_tag","embeddable":true,"href":"https:\/\/www.lamborena.com\/index.php?rest_route=%2Fwp%2Fv2%2Ftags&post=2384"}],"curies":[{"name":"wp","href":"https:\/\/api.w.org\/{rel}","templated":true}]}}