{"id":2394,"date":"2012-04-05T01:25:22","date_gmt":"2012-04-05T00:25:22","guid":{"rendered":"http:\/\/www.lamborena.com\/?p=2394"},"modified":"2012-04-05T01:25:22","modified_gmt":"2012-04-05T00:25:22","slug":"ason-udazkenean","status":"publish","type":"post","link":"https:\/\/www.lamborena.com\/?p=2394","title":{"rendered":"As\u00f3n udazkenean"},"content":{"rendered":"<p style=\"text-align: justify;\">El d\u00eda m\u00e1s lluvioso del pasado oto\u00f1o se nos ocurri\u00f3 visitar este incomparable paraje de la monta\u00f1a c\u00e1ntabra. Pudimos llegar sin problema con el coche, pero d\u00edas despu\u00e9s se cerr\u00f3 la carretera de acceso por los desprendimientos producidos por las fuertes lluvias ca\u00eddas aquel fin de semana&#8230;<\/p>\n<p style=\"text-align: justify;\">Fue d\u00eda de una sola foto. Estuvimos en el coche metidos viendo llover un buen rato, con las c\u00e1maras preparadas y sujetas en la r\u00f3tula del tr\u00edpode para salir a toda prisa. Una vez de llegar hasta all\u00ed y ver la cascada con ese esplendor tan poco habitual, uno no puede irse sin la foto&#8230;<\/p>\n<p style=\"text-align: justify;\">Tras la larga espera, la climatolog\u00eda quiso darnos un chance y tuvimos un minuto escaso sin lluvia. Lo justo para salir del coche, estirar el tr\u00edpode, encuadrar y disparar un par de tomas. He seleccionado esta que os presento hoy porque creo que es representativa de la belleza del lugar y del enorme tama\u00f1o de la cascada. La vaca de la zona inferior nos puede servir como referencia visual&#8230;<\/p>\n<p style=\"text-align: justify;\">La toma no tiene misterio alguno. Tan s\u00f3lo utilic\u00e9 el polarizador montado sobre el 24-105, el nivel de burbuja y el disparador remoto.<\/p>\n<p style=\"text-align: justify;\">Os dejo con ella. Laster arte!<\/p>\n<p style=\"text-align: center;\"><img decoding=\"async\" style=\"border: 2px solid black;\" src=\"http:\/\/farm7.staticflickr.com\/6036\/6314905250_6cc7b767e6.jpg\" alt=\"\" \/><\/p>\n","protected":false},"excerpt":{"rendered":"<p>El d\u00eda m\u00e1s lluvioso del pasado oto\u00f1o se nos ocurri\u00f3 visitar este incomparable paraje de la monta\u00f1a c\u00e1ntabra. Pudimos llegar sin problema con el coche, pero d\u00edas despu\u00e9s se cerr\u00f3 la carretera de acceso por los desprendimientos producidos por las fuertes lluvias ca\u00eddas aquel fin de semana&#8230; Fue d\u00eda de una sola foto. Estuvimos en [&hellip;]<\/p>\n","protected":false},"author":1,"featured_media":0,"comment_status":"open","ping_status":"open","sticky":false,"template":"","format":"standard","meta":{"ngg_post_thumbnail":0,"footnotes":""},"categories":[6],"tags":[1021,675,1186,1183,55,15,1494,1184,1185,450],"class_list":["post-2394","post","type-post","status-publish","format-standard","hentry","category-fotografia","tag-24-105","tag-5d2","tag-arredondo","tag-ason","tag-canon","tag-cantabria","tag-lamborena","tag-nacimiento-ason","tag-rio-ason","tag-rodenstock","entry"],"_links":{"self":[{"href":"https:\/\/www.lamborena.com\/index.php?rest_route=\/wp\/v2\/posts\/2394","targetHints":{"allow":["GET"]}}],"collection":[{"href":"https:\/\/www.lamborena.com\/index.php?rest_route=\/wp\/v2\/posts"}],"about":[{"href":"https:\/\/www.lamborena.com\/index.php?rest_route=\/wp\/v2\/types\/post"}],"author":[{"embeddable":true,"href":"https:\/\/www.lamborena.com\/index.php?rest_route=\/wp\/v2\/users\/1"}],"replies":[{"embeddable":true,"href":"https:\/\/www.lamborena.com\/index.php?rest_route=%2Fwp%2Fv2%2Fcomments&post=2394"}],"version-history":[{"count":2,"href":"https:\/\/www.lamborena.com\/index.php?rest_route=\/wp\/v2\/posts\/2394\/revisions"}],"predecessor-version":[{"id":2396,"href":"https:\/\/www.lamborena.com\/index.php?rest_route=\/wp\/v2\/posts\/2394\/revisions\/2396"}],"wp:attachment":[{"href":"https:\/\/www.lamborena.com\/index.php?rest_route=%2Fwp%2Fv2%2Fmedia&parent=2394"}],"wp:term":[{"taxonomy":"category","embeddable":true,"href":"https:\/\/www.lamborena.com\/index.php?rest_route=%2Fwp%2Fv2%2Fcategories&post=2394"},{"taxonomy":"post_tag","embeddable":true,"href":"https:\/\/www.lamborena.com\/index.php?rest_route=%2Fwp%2Fv2%2Ftags&post=2394"}],"curies":[{"name":"wp","href":"https:\/\/api.w.org\/{rel}","templated":true}]}}