{"id":2420,"date":"2012-04-24T22:10:11","date_gmt":"2012-04-24T21:10:11","guid":{"rendered":"http:\/\/www.lamborena.com\/?p=2420"},"modified":"2012-04-24T22:10:11","modified_gmt":"2012-04-24T21:10:11","slug":"vestigios-y-calma","status":"publish","type":"post","link":"https:\/\/www.lamborena.com\/?p=2420","title":{"rendered":"Vestigios y calma"},"content":{"rendered":"<p style=\"text-align: justify;\">La foto de hoy es fruto de una sesi\u00f3n r\u00e1pida en la playa de La Arena el pasado mes de noviembre. Tengo olvidada esta playa y no tengo perd\u00f3n&#8230; La tengo a cinco minutos de casa, me ha dado grandes alegr\u00edas fotogr\u00e1ficas, pero de un tiempo a esta parte, a penas voy por all\u00ed&#8230;<\/p>\n<p style=\"text-align: justify;\">Unicamente he revelado dos fotos de aquella sesi\u00f3n. La segunda, ni tan siquiera la he publicado en flickr&#8230;<\/p>\n<p style=\"text-align: justify;\">Fue un atardecer bonito, pero la luz se fue r\u00e1pido. La marea estaba un poco alta y no encontramos ni piedras ni otros elementos que pudieran resultar atractivos para ubicar en primer plano de la foto. Yo me dediqu\u00e9 a acentuar en la medida de lo posible la textura del mar en calma y en la segunda foto a captar la estela de una ola retornando&#8230; Poco m\u00e1s dio de si aquella sesi\u00f3n.<\/p>\n<p style=\"text-align: justify;\">Al fondo de la imagen, podemos apreciar la silueta de la zona del antiguo cargadero de mineral de Muskiz. La fuerza del mar se lo llev\u00f3 para siempre a finales de 2007&#8230; \u00a1Una pena! Ojal\u00e1 alg\u00fan d\u00eda pueda recuperarse.<\/p>\n<p style=\"text-align: justify;\">Os dejo con la foto. Laster arte!<\/p>\n<p style=\"text-align: center;\"><img decoding=\"async\" style=\"border: 2px solid black;\" src=\"http:\/\/farm7.staticflickr.com\/6019\/6335762298_5ee8e2d2a8.jpg\" alt=\"\" \/><\/p>\n","protected":false},"excerpt":{"rendered":"<p>La foto de hoy es fruto de una sesi\u00f3n r\u00e1pida en la playa de La Arena el pasado mes de noviembre. Tengo olvidada esta playa y no tengo perd\u00f3n&#8230; La tengo a cinco minutos de casa, me ha dado grandes alegr\u00edas fotogr\u00e1ficas, pero de un tiempo a esta parte, a penas voy por all\u00ed&#8230; Unicamente [&hellip;]<\/p>\n","protected":false},"author":1,"featured_media":0,"comment_status":"open","ping_status":"open","sticky":false,"template":"","format":"standard","meta":{"ngg_post_thumbnail":0,"footnotes":""},"categories":[6],"tags":[55,88,275,740,7,71,1205,1494,18,129,1204,17,82,1203,1202],"class_list":["post-2420","post","type-post","status-publish","format-standard","hentry","category-fotografia","tag-canon","tag-fotos-de-muskiz","tag-hitech","tag-hitech-reverse","tag-la-arena","tag-la-arena-hondartza","tag-la-arena-hondartza-muskiz","tag-lamborena","tag-muskiz","tag-muskizko-argazkiak","tag-muskizko-hondartza","tag-playa","tag-playa-la-arena","tag-playa-la-arena-muskiz","tag-playa-muskiz","entry"],"_links":{"self":[{"href":"https:\/\/www.lamborena.com\/index.php?rest_route=\/wp\/v2\/posts\/2420","targetHints":{"allow":["GET"]}}],"collection":[{"href":"https:\/\/www.lamborena.com\/index.php?rest_route=\/wp\/v2\/posts"}],"about":[{"href":"https:\/\/www.lamborena.com\/index.php?rest_route=\/wp\/v2\/types\/post"}],"author":[{"embeddable":true,"href":"https:\/\/www.lamborena.com\/index.php?rest_route=\/wp\/v2\/users\/1"}],"replies":[{"embeddable":true,"href":"https:\/\/www.lamborena.com\/index.php?rest_route=%2Fwp%2Fv2%2Fcomments&post=2420"}],"version-history":[{"count":1,"href":"https:\/\/www.lamborena.com\/index.php?rest_route=\/wp\/v2\/posts\/2420\/revisions"}],"predecessor-version":[{"id":2421,"href":"https:\/\/www.lamborena.com\/index.php?rest_route=\/wp\/v2\/posts\/2420\/revisions\/2421"}],"wp:attachment":[{"href":"https:\/\/www.lamborena.com\/index.php?rest_route=%2Fwp%2Fv2%2Fmedia&parent=2420"}],"wp:term":[{"taxonomy":"category","embeddable":true,"href":"https:\/\/www.lamborena.com\/index.php?rest_route=%2Fwp%2Fv2%2Fcategories&post=2420"},{"taxonomy":"post_tag","embeddable":true,"href":"https:\/\/www.lamborena.com\/index.php?rest_route=%2Fwp%2Fv2%2Ftags&post=2420"}],"curies":[{"name":"wp","href":"https:\/\/api.w.org\/{rel}","templated":true}]}}