{"id":2426,"date":"2012-05-03T23:17:03","date_gmt":"2012-05-03T22:17:03","guid":{"rendered":"http:\/\/www.lamborena.com\/?p=2426"},"modified":"2012-05-03T23:17:03","modified_gmt":"2012-05-03T22:17:03","slug":"siluetas-al-amanecer","status":"publish","type":"post","link":"https:\/\/www.lamborena.com\/?p=2426","title":{"rendered":"Siluetas al amanecer"},"content":{"rendered":"<p style=\"text-align: justify;\">Ultimamente me ha dado por capturar siluetas envueltas en color tanto al amanecer como al atardecer&#8230; Son tomas relativamente f\u00e1ciles de realizar y los resultados cada vez me gustan m\u00e1s, sobre todo por salirse de lo habitual en mi galer\u00eda.<\/p>\n<p style=\"text-align: justify;\">En mi opini\u00f3n, este tipo de foto supone un buen ejercicio de aprendizaje. Se entrena la vista para aprender a aislar elementos y tambi\u00e9n para buscar combinaciones de color atractivas.<\/p>\n<p style=\"text-align: center;\"><img decoding=\"async\" style=\"border: 2px solid black;\" src=\"http:\/\/farm8.staticflickr.com\/7090\/7103483827_6b4b4944a6.jpg\" alt=\"\" \/><\/p>\n<p style=\"text-align: justify;\">Este pasado oto\u00f1o, alguna ma\u00f1ana con viento sur pude hacer alguna de estas fotos antes de que saliera el sol. Suelo aprovechar los momentos previos a la salida, antes de desplazarme hasta la localizaci\u00f3n principal elegida para esa ma\u00f1ana, pero esta elecci\u00f3n, depende mucho de la orientaci\u00f3n que tenga esa localizaci\u00f3n principal. Si es propicia para las luces del amanecer previas a la salida del sol, no desaprovecho nunca esos minutos de luz. En cambio, si esa localizaci\u00f3n necesita que los primeros rayos la iluminen, aprovecho para buscar siluetas recortables a contraluz en las proximidades de la localizaci\u00f3n principal o incluso, desde la misma localizaci\u00f3n, en ocasiones, con solo buscar la salida del sol podemos encontrar dichas siluetas sin tener que desplazarnos&#8230;<\/p>\n<p style=\"text-align: justify;\">Las fotos que hoy os presento las hice cerca del alto de La Escrita en Karrantza. Las hice en el lado opuesto a Karrantza, mirando hacia Enkarterri. Los montes que se ven son los \u00faltimos de la zona de montes de Ordunte, los m\u00e1s bajos, justo encima de Balmaseda por un lado y Artzentales por el otro&#8230;<\/p>\n<p style=\"text-align: justify;\">Ni qu\u00e9 decir tiene que, para este tipo de fotos utilizo el teleobjetivo. Es otra de las tareas de aprendizaje que no he mencionado al principio. Este tipo de fotos me sirve para aprender a emplear el teleobjetivo en paisaje, que es una de mis lagunas principales hasta la fecha.<\/p>\n<p style=\"text-align: justify;\">Minutos despu\u00e9s nos desplazamos hasta La Escrita para realizar la foto que os present\u00e9 en el anterior post.<\/p>\n<p style=\"text-align: justify;\">Laster arte!<\/p>\n<p><img decoding=\"async\" class=\"aligncenter\" style=\"border: 2px solid black;\" src=\"http:\/\/farm7.staticflickr.com\/6108\/6348289291_cf1c426242.jpg\" alt=\"\" \/><\/p>\n","protected":false},"excerpt":{"rendered":"<p>Ultimamente me ha dado por capturar siluetas envueltas en color tanto al amanecer como al atardecer&#8230; Son tomas relativamente f\u00e1ciles de realizar y los resultados cada vez me gustan m\u00e1s, sobre todo por salirse de lo habitual en mi galer\u00eda. En mi opini\u00f3n, este tipo de foto supone un buen ejercicio de aprendizaje. Se entrena [&hellip;]<\/p>\n","protected":false},"author":1,"featured_media":0,"comment_status":"open","ping_status":"open","sticky":false,"template":"","format":"standard","meta":{"ngg_post_thumbnail":0,"footnotes":""},"categories":[6],"tags":[55,1209,619,758,536,1494,1207,1208],"class_list":["post-2426","post","type-post","status-publish","format-standard","hentry","category-fotografia","tag-canon","tag-color","tag-enkarterri","tag-inverso","tag-karrantza","tag-lamborena","tag-siluetas","tag-teleobjetivo","entry"],"_links":{"self":[{"href":"https:\/\/www.lamborena.com\/index.php?rest_route=\/wp\/v2\/posts\/2426","targetHints":{"allow":["GET"]}}],"collection":[{"href":"https:\/\/www.lamborena.com\/index.php?rest_route=\/wp\/v2\/posts"}],"about":[{"href":"https:\/\/www.lamborena.com\/index.php?rest_route=\/wp\/v2\/types\/post"}],"author":[{"embeddable":true,"href":"https:\/\/www.lamborena.com\/index.php?rest_route=\/wp\/v2\/users\/1"}],"replies":[{"embeddable":true,"href":"https:\/\/www.lamborena.com\/index.php?rest_route=%2Fwp%2Fv2%2Fcomments&post=2426"}],"version-history":[{"count":2,"href":"https:\/\/www.lamborena.com\/index.php?rest_route=\/wp\/v2\/posts\/2426\/revisions"}],"predecessor-version":[{"id":2428,"href":"https:\/\/www.lamborena.com\/index.php?rest_route=\/wp\/v2\/posts\/2426\/revisions\/2428"}],"wp:attachment":[{"href":"https:\/\/www.lamborena.com\/index.php?rest_route=%2Fwp%2Fv2%2Fmedia&parent=2426"}],"wp:term":[{"taxonomy":"category","embeddable":true,"href":"https:\/\/www.lamborena.com\/index.php?rest_route=%2Fwp%2Fv2%2Fcategories&post=2426"},{"taxonomy":"post_tag","embeddable":true,"href":"https:\/\/www.lamborena.com\/index.php?rest_route=%2Fwp%2Fv2%2Ftags&post=2426"}],"curies":[{"name":"wp","href":"https:\/\/api.w.org\/{rel}","templated":true}]}}