{"id":2511,"date":"2012-08-13T00:31:00","date_gmt":"2012-08-12T23:31:00","guid":{"rendered":"http:\/\/www.lamborena.com\/?p=2511"},"modified":"2012-08-13T00:31:00","modified_gmt":"2012-08-12T23:31:00","slug":"karrantza-koloretsu","status":"publish","type":"post","link":"https:\/\/www.lamborena.com\/?p=2511","title":{"rendered":"Karrantza koloretsu"},"content":{"rendered":"<p style=\"text-align: justify;\">Esta foto es la versi\u00f3n horizontal de <a href=\"https:\/\/www.lamborena.com\/?p=2422\" target=\"_blank\">una foto<\/a> que os present\u00e9 hace meses en el blog. En aquella ocasi\u00f3n recuerdo haber hablado de los problemas de contraste que me asaltaron el pasado oto\u00f1o&#8230; Tal vez por eso tard\u00e9 tanto en revelar esta toma. Pasaron bastantes semanas y tuvo que llegar la \u00e9poca de sequ\u00eda en las salidas fotogr\u00e1ficas para que me decidiera a rebuscar en el disco duro y revelar por fin una foto que me gustaba, pero que ve\u00eda carente de impacto, al igual que el resto de la serie&#8230; Ten\u00eda potencial, pero la falta de contraste a la que adem\u00e1s no pod\u00eda encontrar explicaci\u00f3n, la mataba.<\/p>\n<p style=\"text-align: justify;\">Por suerte, al pasarla por el revelador le pude dar el contraste que para mi gusto necesitaba y obtuve un resultado que a d\u00eda de hoy me agrada. En mi opini\u00f3n, al igual que la anterior foto de la serie, sigue siendo muy mejorable, pero para eso, debo partir de un RAW m\u00e1s completo y es lo que me esforzar\u00e9 en conseguir este pr\u00f3ximo oto\u00f1o.<\/p>\n<p style=\"text-align: justify;\">Mientras tanto, os dejo con la toma. Laster arte!<\/p>\n<p style=\"text-align: center;\"><img decoding=\"async\" style=\"border: 2px solid black;\" src=\"http:\/\/farm8.staticflickr.com\/7006\/6767639459_76cf37afe0.jpg\" alt=\"\" \/><\/p>\n","protected":false},"excerpt":{"rendered":"<p>Esta foto es la versi\u00f3n horizontal de una foto que os present\u00e9 hace meses en el blog. En aquella ocasi\u00f3n recuerdo haber hablado de los problemas de contraste que me asaltaron el pasado oto\u00f1o&#8230; Tal vez por eso tard\u00e9 tanto en revelar esta toma. Pasaron bastantes semanas y tuvo que llegar la \u00e9poca de sequ\u00eda [&hellip;]<\/p>\n","protected":false},"author":1,"featured_media":0,"comment_status":"open","ping_status":"open","sticky":false,"template":"","format":"standard","meta":{"ngg_post_thumbnail":0,"footnotes":""},"categories":[6],"tags":[53,1169,55,920,275,536,1494,231,1014,582,1168],"class_list":["post-2511","post","type-post","status-publish","format-standard","hentry","category-fotografia","tag-andoni-lamborena","tag-autumn","tag-canon","tag-fall","tag-hitech","tag-karrantza","tag-lamborena","tag-landscape","tag-lee","tag-otono","tag-udazkena","entry"],"_links":{"self":[{"href":"https:\/\/www.lamborena.com\/index.php?rest_route=\/wp\/v2\/posts\/2511","targetHints":{"allow":["GET"]}}],"collection":[{"href":"https:\/\/www.lamborena.com\/index.php?rest_route=\/wp\/v2\/posts"}],"about":[{"href":"https:\/\/www.lamborena.com\/index.php?rest_route=\/wp\/v2\/types\/post"}],"author":[{"embeddable":true,"href":"https:\/\/www.lamborena.com\/index.php?rest_route=\/wp\/v2\/users\/1"}],"replies":[{"embeddable":true,"href":"https:\/\/www.lamborena.com\/index.php?rest_route=%2Fwp%2Fv2%2Fcomments&post=2511"}],"version-history":[{"count":2,"href":"https:\/\/www.lamborena.com\/index.php?rest_route=\/wp\/v2\/posts\/2511\/revisions"}],"predecessor-version":[{"id":2513,"href":"https:\/\/www.lamborena.com\/index.php?rest_route=\/wp\/v2\/posts\/2511\/revisions\/2513"}],"wp:attachment":[{"href":"https:\/\/www.lamborena.com\/index.php?rest_route=%2Fwp%2Fv2%2Fmedia&parent=2511"}],"wp:term":[{"taxonomy":"category","embeddable":true,"href":"https:\/\/www.lamborena.com\/index.php?rest_route=%2Fwp%2Fv2%2Fcategories&post=2511"},{"taxonomy":"post_tag","embeddable":true,"href":"https:\/\/www.lamborena.com\/index.php?rest_route=%2Fwp%2Fv2%2Ftags&post=2511"}],"curies":[{"name":"wp","href":"https:\/\/api.w.org\/{rel}","templated":true}]}}