{"id":2514,"date":"2012-08-16T12:41:02","date_gmt":"2012-08-16T11:41:02","guid":{"rendered":"http:\/\/www.lamborena.com\/?p=2514"},"modified":"2012-08-16T12:45:28","modified_gmt":"2012-08-16T11:45:28","slug":"arbasoen-etxea","status":"publish","type":"post","link":"https:\/\/www.lamborena.com\/?p=2514","title":{"rendered":"Arbasoen etxea"},"content":{"rendered":"<p style=\"text-align: justify;\">Tal y como resum\u00eda en Flickr al subirla, esta es una foto que no tiene nada y a su vez lo tiene todo&#8230; Es una foto que no entra\u00f1a ning\u00fan misterio en su ejecuci\u00f3n pero que est\u00e1 cargada de buenas vibraciones para mi. La hice el pasado invierno desde un alto y lo que aparece en ella es Pando, el barrio de Karrantza en el que vivieron mis antepasados maternos y en el que ahora residen varios familiares.<\/p>\n<p style=\"text-align: justify;\">Una de las casas que aparece es precisamente la que sirvi\u00f3 como vivienda a mis abuelos maternos e incluso a mi amatxu en sus a\u00f1os j\u00f3venes. Durante mi ni\u00f1ez, fueron muchos los fines de semana que pas\u00e9 en ella y de los que guardo recuerdos imborrables. En la actualidad viven en ella una prima de mi madre con sus dos hijos, a los que mando desde aqu\u00ed un fuerte abrazo, porque se que me suelen leer&#8230; Recientemente pudimos ver la casa tras los trabajos de restauraci\u00f3n que ha gozado y volvimos a casa encantados de lo bonita que est\u00e1 y de como, pese a su modernizaci\u00f3n, a\u00fan conserva la esencia y el encanto de las t\u00edpicas casas del valle de Karrantza.<\/p>\n<p style=\"text-align: justify;\">Este oto\u00f1o, en cuanto los r\u00edos empiecen a cargar un poco de agua y los \u00e1rboles cambien de color volver\u00e9 por all\u00ed. Siempre digo que es un sitio que me encanta&#8230; Hay tanta belleza en Karrantza que es imposible llev\u00e1rsela en fotos, por muy buenas que sean&#8230; Esa atalaya que me descubrieron los primos y vecinos de Pando, \u00a1a\u00fan tiene que darme muchas alegr\u00edas en lo fotogr\u00e1fico!<\/p>\n<p style=\"text-align: justify;\">Os dejo con la foto de Pando. Laster arte!<\/p>\n<p style=\"text-align: center;\"><img decoding=\"async\" style=\"border: 2px solid black;\" src=\"http:\/\/farm8.staticflickr.com\/7024\/6791998755_c2ae9746dc.jpg\" alt=\"\" \/><\/p>\n","protected":false},"excerpt":{"rendered":"<p>Tal y como resum\u00eda en Flickr al subirla, esta es una foto que no tiene nada y a su vez lo tiene todo&#8230; Es una foto que no entra\u00f1a ning\u00fan misterio en su ejecuci\u00f3n pero que est\u00e1 cargada de buenas vibraciones para mi. La hice el pasado invierno desde un alto y lo que aparece [&hellip;]<\/p>\n","protected":false},"author":1,"featured_media":0,"comment_status":"open","ping_status":"open","sticky":false,"template":"","format":"standard","meta":{"ngg_post_thumbnail":0,"footnotes":""},"categories":[6],"tags":[55,537,887,536,538,1494,63,969],"class_list":["post-2514","post","type-post","status-publish","format-standard","hentry","category-fotografia","tag-canon","tag-carranza","tag-fotos-de-karrantza","tag-karrantza","tag-karrantza-harana","tag-lamborena","tag-paisaje","tag-pando","entry"],"_links":{"self":[{"href":"https:\/\/www.lamborena.com\/index.php?rest_route=\/wp\/v2\/posts\/2514","targetHints":{"allow":["GET"]}}],"collection":[{"href":"https:\/\/www.lamborena.com\/index.php?rest_route=\/wp\/v2\/posts"}],"about":[{"href":"https:\/\/www.lamborena.com\/index.php?rest_route=\/wp\/v2\/types\/post"}],"author":[{"embeddable":true,"href":"https:\/\/www.lamborena.com\/index.php?rest_route=\/wp\/v2\/users\/1"}],"replies":[{"embeddable":true,"href":"https:\/\/www.lamborena.com\/index.php?rest_route=%2Fwp%2Fv2%2Fcomments&post=2514"}],"version-history":[{"count":3,"href":"https:\/\/www.lamborena.com\/index.php?rest_route=\/wp\/v2\/posts\/2514\/revisions"}],"predecessor-version":[{"id":2517,"href":"https:\/\/www.lamborena.com\/index.php?rest_route=\/wp\/v2\/posts\/2514\/revisions\/2517"}],"wp:attachment":[{"href":"https:\/\/www.lamborena.com\/index.php?rest_route=%2Fwp%2Fv2%2Fmedia&parent=2514"}],"wp:term":[{"taxonomy":"category","embeddable":true,"href":"https:\/\/www.lamborena.com\/index.php?rest_route=%2Fwp%2Fv2%2Fcategories&post=2514"},{"taxonomy":"post_tag","embeddable":true,"href":"https:\/\/www.lamborena.com\/index.php?rest_route=%2Fwp%2Fv2%2Ftags&post=2514"}],"curies":[{"name":"wp","href":"https:\/\/api.w.org\/{rel}","templated":true}]}}