{"id":2518,"date":"2012-08-20T14:23:02","date_gmt":"2012-08-20T13:23:02","guid":{"rendered":"http:\/\/www.lamborena.com\/?p=2518"},"modified":"2012-08-20T14:23:28","modified_gmt":"2012-08-20T13:23:28","slug":"huelga-soft","status":"publish","type":"post","link":"https:\/\/www.lamborena.com\/?p=2518","title":{"rendered":"Huelga soft"},"content":{"rendered":"<p style=\"text-align: justify;\">En unas semanas har\u00e1 un a\u00f1o desde que hice esta foto. Una tarde del pasado septiembre nos di\u00f3 una de esas venadas que nos dan de vez en cuando a los aficionados y despu\u00e9s de trabajar salimos de ruta hasta Llanes. Dos horas de coche que se alargaron un poco debido al intenso tr\u00e1fico de los viernes en la autopista del Cant\u00e1brico, pero que no influyeron para nada en nuestro entusiasmo. La rata de la que hablaba Galen Rowell, no es en mi caso tan voraz, pero cuando lleva tiempo sin queso, se queja&#8230;<\/p>\n<p style=\"text-align: justify;\">Parece que tenemos gafada la zona Este de la costa Asturiana. La hemos visitado unas cuantas veces y hasta hoy no hemos tenido nada de suerte con la climatolog\u00eda. No hemos tenido la fortuna de disfrutar nunca de un atardecer en condiciones, pero todo llegar\u00e1&#8230;<\/p>\n<p style=\"text-align: justify;\">Aquella tarde salimos de casa con nubes, pero a medida que nos \u00edbamos acercando a Llanes, \u00e9stas se disipaban para dar paso a un cielo plano y soso. Bajo estas circunstancias y despu\u00e9s de haber hecho el viaje, hicimos lo que buenamente pudimos con los medios a nuestro alcance. A\u00fan no nos llegan los ahorros para comprar una m\u00e1quina de hacer nubes, as\u00ed que tratamos de sacarle el mayor partido posible al atardecer sin ellas. Yo, como es habitual, tir\u00e9 de largas exposiciones para adormecer el agua. Es un recurso muy manido, cierto, pero no por ello deja de gustarme&#8230; Hay quien lo detesta de tanto verlo, pero sigo diciendo que no me canso de ese efecto en el mar.<\/p>\n<p style=\"text-align: justify;\">La foto que os presento hoy la publiqu\u00e9 varios meses despu\u00e9s de haberla hecho. La envi\u00e9 a un concurso y no quise hacerla p\u00fablica hasta conocer el fallo del jurado, por aquello de que las otograf\u00edas deb\u00edan ser in\u00e9ditas y uno nunca sabe los que los organizadores de concursos entienden por in\u00e9dito. No hubo suerte en el concurso, y viendo las ganadoras, no me extra\u00f1a!<\/p>\n<p style=\"text-align: justify;\">\u00abHuelga soft\u00bb tiene una exposici\u00f3n de 6 minutos y 20 segundos con un filtro de densidad neutra y un degradado para el cielo. Utilic\u00e9 el flash en mano para dar unos destellos a las florecillas que aparecen en primer plano. Fue la \u00faltima foto de aquel d\u00eda&#8230; Solo nos quedaba recoger el equipo y otras dos horas de coche hasta casa!<\/p>\n<p style=\"text-align: justify;\">Os dejo con ella. Laster arte!<\/p>\n<p style=\"text-align: center;\"><img decoding=\"async\" style=\"border: 2px solid black;\" src=\"http:\/\/farm8.staticflickr.com\/7034\/6830585263_f26d65df22.jpg\" alt=\"\" \/><\/p>\n","protected":false},"excerpt":{"rendered":"<p>En unas semanas har\u00e1 un a\u00f1o desde que hice esta foto. Una tarde del pasado septiembre nos di\u00f3 una de esas venadas que nos dan de vez en cuando a los aficionados y despu\u00e9s de trabajar salimos de ruta hasta Llanes. Dos horas de coche que se alargaron un poco debido al intenso tr\u00e1fico de [&hellip;]<\/p>\n","protected":false},"author":1,"featured_media":0,"comment_status":"open","ping_status":"open","sticky":false,"template":"","format":"standard","meta":{"ngg_post_thumbnail":0,"footnotes":""},"categories":[6],"tags":[53,733,8,55,1250,275,740,1161,1111,1112,1494,1113,1162],"class_list":["post-2518","post","type-post","status-publish","format-standard","hentry","category-fotografia","tag-andoni-lamborena","tag-asturias","tag-atardecer","tag-canon","tag-concejo-de-llanes","tag-hitech","tag-hitech-reverse","tag-hontoria","tag-huelga","tag-la-huelga","tag-lamborena","tag-llanes","tag-villahornes","entry"],"_links":{"self":[{"href":"https:\/\/www.lamborena.com\/index.php?rest_route=\/wp\/v2\/posts\/2518","targetHints":{"allow":["GET"]}}],"collection":[{"href":"https:\/\/www.lamborena.com\/index.php?rest_route=\/wp\/v2\/posts"}],"about":[{"href":"https:\/\/www.lamborena.com\/index.php?rest_route=\/wp\/v2\/types\/post"}],"author":[{"embeddable":true,"href":"https:\/\/www.lamborena.com\/index.php?rest_route=\/wp\/v2\/users\/1"}],"replies":[{"embeddable":true,"href":"https:\/\/www.lamborena.com\/index.php?rest_route=%2Fwp%2Fv2%2Fcomments&post=2518"}],"version-history":[{"count":2,"href":"https:\/\/www.lamborena.com\/index.php?rest_route=\/wp\/v2\/posts\/2518\/revisions"}],"predecessor-version":[{"id":2520,"href":"https:\/\/www.lamborena.com\/index.php?rest_route=\/wp\/v2\/posts\/2518\/revisions\/2520"}],"wp:attachment":[{"href":"https:\/\/www.lamborena.com\/index.php?rest_route=%2Fwp%2Fv2%2Fmedia&parent=2518"}],"wp:term":[{"taxonomy":"category","embeddable":true,"href":"https:\/\/www.lamborena.com\/index.php?rest_route=%2Fwp%2Fv2%2Fcategories&post=2518"},{"taxonomy":"post_tag","embeddable":true,"href":"https:\/\/www.lamborena.com\/index.php?rest_route=%2Fwp%2Fv2%2Ftags&post=2518"}],"curies":[{"name":"wp","href":"https:\/\/api.w.org\/{rel}","templated":true}]}}