{"id":2654,"date":"2013-02-13T10:19:27","date_gmt":"2013-02-13T09:19:27","guid":{"rendered":"http:\/\/www.lamborena.com\/?p=2654"},"modified":"2013-02-13T10:19:27","modified_gmt":"2013-02-13T09:19:27","slug":"recuerdos","status":"publish","type":"post","link":"https:\/\/www.lamborena.com\/?p=2654","title":{"rendered":"Recuerdos"},"content":{"rendered":"<p style=\"text-align: justify;\">Me vais a permitir que empiece este post con el pie de foto que a\u00f1ad\u00ed a esta toma cuando la sub\u00ed a Flickr en su d\u00eda&#8230;<\/p>\n<p style=\"text-align: justify;\">\u00abRecuerdo que la primera vez que utilic\u00e9 este encuadre fue en una quedada con miembros de Pecanor, la pe\u00f1a Canonista del norte, hace casi ya dos a\u00f1os&#8230; Aquella vez tuvimos peor suerte con la luz, pero me qued\u00e9 con lo positivo de la experiencia de haber conocido a los amigos Pecanores.\u00bb<\/p>\n<p style=\"text-align: justify;\">Se trata de una toma de 2011, pero que es un calco de una anterior de 2010, de aquella quedada con los amigos Canonistas. Como veis, llevo un retraso tremendo subiendo fotos. Ahora ando presentando en el blog las que tengo subidas a las redes fotogr\u00e1ficas desde hace aproximadamente un a\u00f1o, que casualmente fueron la mayor\u00eda fotos rescatadas del olvido del disco duro.<\/p>\n<p style=\"text-align: justify;\">Aquella tarde en Liencres hubo algo m\u00e1s de suerte de lo habitual. Mira que me es esquivo este lugar con la luz. No se las veces que he ido, pero no termino de conseguir marcharme un d\u00eda con la sensaci\u00f3n de haber tenido suerte con la climatolog\u00eda. Alguna ha habido, pero las cuento con los dedos de la mano. Como todo en esta vida, ser\u00e1 cuesti\u00f3n de seguir insistiendo. Afortunadamente aquel d\u00eda fue superior a la media&#8230;<\/p>\n<p style=\"text-align: justify;\">La foto tiene 15 segundos de exposici\u00f3n a 23mm, ISO100 y F11. Utilic\u00e9 el degradado inverso de tres pasos para compensar las luces superiores e inferiores al horizonte.<\/p>\n<p style=\"text-align: justify;\">Os dejo con la foto. Laster arte!<\/p>\n<p style=\"text-align: center;\">\n<p><img loading=\"lazy\" decoding=\"async\" class=\"aligncenter\" style=\"border: 2px solid black;\" src=\"http:\/\/farm7.staticflickr.com\/6094\/7018913605_f5a4cbcf8a.jpg\" alt=\"\" width=\"333\" height=\"500\" \/><\/p>\n","protected":false},"excerpt":{"rendered":"<p>Me vais a permitir que empiece este post con el pie de foto que a\u00f1ad\u00ed a esta toma cuando la sub\u00ed a Flickr en su d\u00eda&#8230; \u00abRecuerdo que la primera vez que utilic\u00e9 este encuadre fue en una quedada con miembros de Pecanor, la pe\u00f1a Canonista del norte, hace casi ya dos a\u00f1os&#8230; Aquella vez [&hellip;]<\/p>\n","protected":false},"author":1,"featured_media":0,"comment_status":"open","ping_status":"open","sticky":false,"template":"","format":"standard","meta":{"ngg_post_thumbnail":0,"footnotes":""},"categories":[6],"tags":[53,55,15,687,275,740,963,688,1494,91,685],"class_list":["post-2654","post","type-post","status-publish","format-standard","hentry","category-fotografia","tag-andoni-lamborena","tag-canon","tag-cantabria","tag-costa-quebrada","tag-hitech","tag-hitech-reverse","tag-la-puerta","tag-la-puerta-del-mar","tag-lamborena","tag-liencres","tag-los-urros","entry"],"_links":{"self":[{"href":"https:\/\/www.lamborena.com\/index.php?rest_route=\/wp\/v2\/posts\/2654","targetHints":{"allow":["GET"]}}],"collection":[{"href":"https:\/\/www.lamborena.com\/index.php?rest_route=\/wp\/v2\/posts"}],"about":[{"href":"https:\/\/www.lamborena.com\/index.php?rest_route=\/wp\/v2\/types\/post"}],"author":[{"embeddable":true,"href":"https:\/\/www.lamborena.com\/index.php?rest_route=\/wp\/v2\/users\/1"}],"replies":[{"embeddable":true,"href":"https:\/\/www.lamborena.com\/index.php?rest_route=%2Fwp%2Fv2%2Fcomments&post=2654"}],"version-history":[{"count":2,"href":"https:\/\/www.lamborena.com\/index.php?rest_route=\/wp\/v2\/posts\/2654\/revisions"}],"predecessor-version":[{"id":2656,"href":"https:\/\/www.lamborena.com\/index.php?rest_route=\/wp\/v2\/posts\/2654\/revisions\/2656"}],"wp:attachment":[{"href":"https:\/\/www.lamborena.com\/index.php?rest_route=%2Fwp%2Fv2%2Fmedia&parent=2654"}],"wp:term":[{"taxonomy":"category","embeddable":true,"href":"https:\/\/www.lamborena.com\/index.php?rest_route=%2Fwp%2Fv2%2Fcategories&post=2654"},{"taxonomy":"post_tag","embeddable":true,"href":"https:\/\/www.lamborena.com\/index.php?rest_route=%2Fwp%2Fv2%2Ftags&post=2654"}],"curies":[{"name":"wp","href":"https:\/\/api.w.org\/{rel}","templated":true}]}}