{"id":2667,"date":"2013-02-27T14:27:21","date_gmt":"2013-02-27T13:27:21","guid":{"rendered":"http:\/\/www.lamborena.com\/?p=2667"},"modified":"2013-02-27T14:38:07","modified_gmt":"2013-02-27T13:38:07","slug":"paisaje-nevado-vertical","status":"publish","type":"post","link":"https:\/\/www.lamborena.com\/?p=2667","title":{"rendered":"Paisaje nevado vertical"},"content":{"rendered":"<p style=\"text-align: justify;\">Esta foto pertenece a una serie que present\u00e9 hace tiempo en el blog dedicada a las zonas de Lunada y Estacas de Trueba. En aquella ocasi\u00f3n os mostr\u00e9 la versi\u00f3n horizontal de esta foto. Un tiempo despu\u00e9s, decid\u00ed revelar \u00e9sta tambi\u00e9n.<\/p>\n<p style=\"text-align: justify;\">Se trata de una foto realizada un buen rato despu\u00e9s del amanecer en el puerto de Estacas. Aquella ma\u00f1ana hab\u00edamos estado intentando el amanecer por la zona pero no fructific\u00f3. Pasamos despu\u00e9s un buen rato en la cascada de los Atrancos y cuando ya nos retir\u00e1bamos, vimos como una masa nubosa se dispon\u00eda a cubrir la zona, con lo que decidimos darle un chance&#8230;<\/p>\n<p style=\"text-align: justify;\">Caminamos por la nieve durante unos minutos hasta encontrar el punto desde el que fotografiar la preciosa escena que ten\u00edamos ante los ojos. Por el camino vimos varias huellas de zorro. De hecho, alguna se llega a apreciar en la foto.<\/p>\n<p style=\"text-align: justify;\">Para realizar la foto utilic\u00e9 el polarizador circular como \u00fanico filtro. Fue una bonita y fr\u00eda ma\u00f1ana con un buen colof\u00f3n.<\/p>\n<p style=\"text-align: justify;\">Os dejo con la foto. Laster arte!<\/p>\n<p style=\"text-align: center;\"><img loading=\"lazy\" decoding=\"async\" style=\"border: 2px solid black;\" src=\"http:\/\/farm8.staticflickr.com\/7065\/7045136023_f6356bf107.jpg\" alt=\"\" width=\"333\" height=\"500\" \/><\/p>\n","protected":false},"excerpt":{"rendered":"<p>Esta foto pertenece a una serie que present\u00e9 hace tiempo en el blog dedicada a las zonas de Lunada y Estacas de Trueba. En aquella ocasi\u00f3n os mostr\u00e9 la versi\u00f3n horizontal de esta foto. Un tiempo despu\u00e9s, decid\u00ed revelar \u00e9sta tambi\u00e9n. Se trata de una foto realizada un buen rato despu\u00e9s del amanecer en el [&hellip;]<\/p>\n","protected":false},"author":1,"featured_media":0,"comment_status":"open","ping_status":"open","sticky":false,"template":"","format":"standard","meta":{"ngg_post_thumbnail":0,"footnotes":""},"categories":[6],"tags":[53,1260,1262,149,55,1259,1255,1494,1261,1256,1298,192,1297],"class_list":["post-2667","post","type-post","status-publish","format-standard","hentry","category-fotografia","tag-andoni-lamborena","tag-atrancos","tag-atrancos-de-erguedo","tag-burgos","tag-canon","tag-estacas-de-trueba","tag-hoya-hd","tag-lamborena","tag-los-atrancos","tag-nieve","tag-paisaje-nevado","tag-polarizador-circular","tag-rio-trueba","entry"],"_links":{"self":[{"href":"https:\/\/www.lamborena.com\/index.php?rest_route=\/wp\/v2\/posts\/2667","targetHints":{"allow":["GET"]}}],"collection":[{"href":"https:\/\/www.lamborena.com\/index.php?rest_route=\/wp\/v2\/posts"}],"about":[{"href":"https:\/\/www.lamborena.com\/index.php?rest_route=\/wp\/v2\/types\/post"}],"author":[{"embeddable":true,"href":"https:\/\/www.lamborena.com\/index.php?rest_route=\/wp\/v2\/users\/1"}],"replies":[{"embeddable":true,"href":"https:\/\/www.lamborena.com\/index.php?rest_route=%2Fwp%2Fv2%2Fcomments&post=2667"}],"version-history":[{"count":2,"href":"https:\/\/www.lamborena.com\/index.php?rest_route=\/wp\/v2\/posts\/2667\/revisions"}],"predecessor-version":[{"id":2670,"href":"https:\/\/www.lamborena.com\/index.php?rest_route=\/wp\/v2\/posts\/2667\/revisions\/2670"}],"wp:attachment":[{"href":"https:\/\/www.lamborena.com\/index.php?rest_route=%2Fwp%2Fv2%2Fmedia&parent=2667"}],"wp:term":[{"taxonomy":"category","embeddable":true,"href":"https:\/\/www.lamborena.com\/index.php?rest_route=%2Fwp%2Fv2%2Fcategories&post=2667"},{"taxonomy":"post_tag","embeddable":true,"href":"https:\/\/www.lamborena.com\/index.php?rest_route=%2Fwp%2Fv2%2Ftags&post=2667"}],"curies":[{"name":"wp","href":"https:\/\/api.w.org\/{rel}","templated":true}]}}