{"id":2710,"date":"2013-05-06T15:58:31","date_gmt":"2013-05-06T14:58:31","guid":{"rendered":"http:\/\/www.lamborena.com\/?p=2710"},"modified":"2013-05-06T15:58:31","modified_gmt":"2013-05-06T14:58:31","slug":"simple-para-mis-amigos-de-aefona","status":"publish","type":"post","link":"https:\/\/www.lamborena.com\/?p=2710","title":{"rendered":"\u00abSimple\u00bb, para mis amigos de AEFONA"},"content":{"rendered":"<p style=\"text-align: justify;\">Hoy voy a dejar de lado el orden que sigo habitualmente a la hora de subir fotos aqu\u00ed. Los que segu\u00eds este blog sab\u00e9is que suelo subir las fotos en orden cronol\u00f3gico, salvo contad\u00edsimas excepciones. Hoy voy a hacer una m\u00e1s&#8230;<\/p>\n<p style=\"text-align: justify;\">El pasado fin de semana he podido disfrutar de casi tres intensos d\u00edas de fotograf\u00eda en estado puro de la mano de AEFONA. Se ha celebrado en Noja el primer encuentro de socios de esta asociaci\u00f3n a la que pertenezco desde hace ya m\u00e1s de tres a\u00f1os y he disfrutado como un enano.<\/p>\n<p style=\"text-align: justify;\">El programa ha sido muy completo con ponencias de socios, charlas formativas y salidas fotogr\u00e1ficas. Desde un principio me ofrec\u00ed para colaborar con los organizadores en las salidas y as\u00ed lo he hecho. He puesto mi peque\u00f1o granito de arena, como otros muchos socios lo ponen de otra manera, para que el fin de semana fuera lo m\u00e1s completo posible.<\/p>\n<p style=\"text-align: justify;\">Me llevo un balance muy positivo de este encuentro. He saludado a viejos amigos, he puesto por fin cara a otros y he conocido tambi\u00e9n a un mont\u00f3n de nuevos compa\u00f1eros de afici\u00f3n con los que he compartido buenos momentos de charla y fotograf\u00eda. A parte de esto, he aprendido un mont\u00f3n con las ponencias y las charlas formativas. Me encanta comprobar en persona que grandes fot\u00f3grafos que atesoran tantos conocimientos son generosos hasta el extremo al compartir con el resto toda esa sabidur\u00eda. Resulta tremendamente enriquecedor el intercambio de opiniones, t\u00e9cnicas, trucos, etc. entre compa\u00f1eros, la verdad&#8230;<\/p>\n<p style=\"text-align: justify;\">La foto que os presento no es nada del otro jueves. No tuvimos la suerte de cara con la luz y la climatolog\u00eda durante ninguna de las salidas que me toc\u00f3 realizar, pero el s\u00e1bado por la tarde, en la playa de Ris de Noja, puse en pr\u00e1ctica algunos de los consejos que pude escuchar en la ponencia de <a href=\"http:\/\/www.aefona.org\/noticias\/170113\/434\" target=\"_blank\">Jaume Sellart<\/a>\u00a0, en la charla formativa de <a href=\"http:\/\/isabeldiez.com\" target=\"_blank\">Isabel Diez<\/a>\u00a0y en los libros y palabras de <a href=\"http:\/\/www.josebruiz.com\" target=\"_blank\">Jos\u00e9 Benito Ruiz<\/a>. Si tengo tiempo ya os hablar\u00e9 de sus reflexiones en otro post&#8230;<\/p>\n<p style=\"text-align: justify;\">He llamado \u00abSimple\u00bb a esta foto, porque es precisamente eso lo que pretende ser. Me tuve que buscar la vida entre rocas en el peque\u00f1o acantilado para conseguir este encuadre que visualic\u00e9 tras un primer paseo de reconocimiento en compa\u00f1\u00eda de <a href=\"http:\/\/500px.com\/Lujo\" target=\"_blank\">Luj\u00f3<\/a>. Utilic\u00e9 el teleobjetivo y aisl\u00e9 las tres rocas que aparecen de la \u00fanica forma posible que vi, ya que bien cerca de ellas hab\u00eda otras rocas que en mi opini\u00f3n habr\u00edan ensuciado el encuadre.<\/p>\n<p style=\"text-align: justify;\">Va para todos los amigos de AEFONA. Laster arte!<\/p>\n<p style=\"text-align: center;\"><img loading=\"lazy\" decoding=\"async\" style=\"border: 2px solid black;\" src=\"http:\/\/farm9.staticflickr.com\/8395\/8712020860_62bbf767b2.jpg\" alt=\"\" width=\"333\" height=\"500\" \/><\/p>\n","protected":false},"excerpt":{"rendered":"<p>Hoy voy a dejar de lado el orden que sigo habitualmente a la hora de subir fotos aqu\u00ed. Los que segu\u00eds este blog sab\u00e9is que suelo subir las fotos en orden cronol\u00f3gico, salvo contad\u00edsimas excepciones. Hoy voy a hacer una m\u00e1s&#8230; El pasado fin de semana he podido disfrutar de casi tres intensos d\u00edas de [&hellip;]<\/p>\n","protected":false},"author":1,"featured_media":0,"comment_status":"open","ping_status":"open","sticky":false,"template":"","format":"standard","meta":{"ngg_post_thumbnail":0,"footnotes":""},"categories":[6],"tags":[1247,53,1494,1224,1308],"class_list":["post-2710","post","type-post","status-publish","format-standard","hentry","category-fotografia","tag-aefona-2","tag-andoni-lamborena","tag-lamborena","tag-noja","tag-ris","entry"],"_links":{"self":[{"href":"https:\/\/www.lamborena.com\/index.php?rest_route=\/wp\/v2\/posts\/2710","targetHints":{"allow":["GET"]}}],"collection":[{"href":"https:\/\/www.lamborena.com\/index.php?rest_route=\/wp\/v2\/posts"}],"about":[{"href":"https:\/\/www.lamborena.com\/index.php?rest_route=\/wp\/v2\/types\/post"}],"author":[{"embeddable":true,"href":"https:\/\/www.lamborena.com\/index.php?rest_route=\/wp\/v2\/users\/1"}],"replies":[{"embeddable":true,"href":"https:\/\/www.lamborena.com\/index.php?rest_route=%2Fwp%2Fv2%2Fcomments&post=2710"}],"version-history":[{"count":1,"href":"https:\/\/www.lamborena.com\/index.php?rest_route=\/wp\/v2\/posts\/2710\/revisions"}],"predecessor-version":[{"id":2711,"href":"https:\/\/www.lamborena.com\/index.php?rest_route=\/wp\/v2\/posts\/2710\/revisions\/2711"}],"wp:attachment":[{"href":"https:\/\/www.lamborena.com\/index.php?rest_route=%2Fwp%2Fv2%2Fmedia&parent=2710"}],"wp:term":[{"taxonomy":"category","embeddable":true,"href":"https:\/\/www.lamborena.com\/index.php?rest_route=%2Fwp%2Fv2%2Fcategories&post=2710"},{"taxonomy":"post_tag","embeddable":true,"href":"https:\/\/www.lamborena.com\/index.php?rest_route=%2Fwp%2Fv2%2Ftags&post=2710"}],"curies":[{"name":"wp","href":"https:\/\/api.w.org\/{rel}","templated":true}]}}