{"id":2712,"date":"2013-05-09T11:11:50","date_gmt":"2013-05-09T10:11:50","guid":{"rendered":"http:\/\/www.lamborena.com\/?p=2712"},"modified":"2013-05-09T11:11:50","modified_gmt":"2013-05-09T10:11:50","slug":"cantabrico-turquesa","status":"publish","type":"post","link":"https:\/\/www.lamborena.com\/?p=2712","title":{"rendered":"Cant\u00e1brico turquesa"},"content":{"rendered":"<p style=\"text-align: justify;\">Aquella tarde de abril de 2012 no tuvimos la suerte de contar con colores crepusculares, pero os puedo asegurar que cuando el Cant\u00e1brico luce sus mejores galas, sus tonalidades no desmerecen un \u00e1pice.<\/p>\n<p style=\"text-align: justify;\">Me comentaba en Flickr mi amigo Iker Aizkorbe que este lugar, el islote frente a la cala Cotonera, parece a priori ofrecer pocos encuadres, pero despu\u00e9s de mucho tiempo fotografiando all\u00ed, creo que todos los que nos acercamos a esta zona hemos aprendido a buscarle unos cuantos. La verdad es que resulta un lugar grato de retratar y me gusta guardar fotos con distintas condiciones clim\u00e1ticas, distintos encuadres e incluso distintas \u00e9pocas del a\u00f1o.<\/p>\n<p style=\"text-align: justify;\">Esta \u00abCant\u00e1brico turquesa\u00bb es una foto con 55 segundos de exposici\u00f3n a f16 e ISO50 con una distancia focal de 25mm. Utilic\u00e9 el polarizador, un filtro de densidad neutra y un degradado para realizarla.<\/p>\n<p style=\"text-align: justify;\">Os dejo con ella. Laster arte!<\/p>\n<p style=\"text-align: center;\"><img loading=\"lazy\" decoding=\"async\" style=\"border: 2px solid black;\" src=\"http:\/\/farm8.staticflickr.com\/7094\/6962667176_5016a1ebcb.jpg\" alt=\"\" width=\"500\" height=\"333\" \/><\/p>\n","protected":false},"excerpt":{"rendered":"<p>Aquella tarde de abril de 2012 no tuvimos la suerte de contar con colores crepusculares, pero os puedo asegurar que cuando el Cant\u00e1brico luce sus mejores galas, sus tonalidades no desmerecen un \u00e1pice. Me comentaba en Flickr mi amigo Iker Aizkorbe que este lugar, el islote frente a la cala Cotonera, parece a priori ofrecer [&hellip;]<\/p>\n","protected":false},"author":1,"featured_media":0,"comment_status":"open","ping_status":"open","sticky":false,"template":"","format":"standard","meta":{"ngg_post_thumbnail":0,"footnotes":""},"categories":[6],"tags":[675,53,55,15,384,16,1011,73,741,361,740,1309,719,131,1494],"class_list":["post-2712","post","type-post","status-publish","format-standard","hentry","category-fotografia","tag-5d2","tag-andoni-lamborena","tag-canon","tag-cantabria","tag-castro","tag-castro-urdiales","tag-cotonera","tag-degradado-inverso","tag-degradado-inverso-hitech","tag-filtros-hitech","tag-hitech-reverse","tag-hiterch","tag-inverso-hitech","tag-islares","tag-lamborena","entry"],"_links":{"self":[{"href":"https:\/\/www.lamborena.com\/index.php?rest_route=\/wp\/v2\/posts\/2712","targetHints":{"allow":["GET"]}}],"collection":[{"href":"https:\/\/www.lamborena.com\/index.php?rest_route=\/wp\/v2\/posts"}],"about":[{"href":"https:\/\/www.lamborena.com\/index.php?rest_route=\/wp\/v2\/types\/post"}],"author":[{"embeddable":true,"href":"https:\/\/www.lamborena.com\/index.php?rest_route=\/wp\/v2\/users\/1"}],"replies":[{"embeddable":true,"href":"https:\/\/www.lamborena.com\/index.php?rest_route=%2Fwp%2Fv2%2Fcomments&post=2712"}],"version-history":[{"count":3,"href":"https:\/\/www.lamborena.com\/index.php?rest_route=\/wp\/v2\/posts\/2712\/revisions"}],"predecessor-version":[{"id":2715,"href":"https:\/\/www.lamborena.com\/index.php?rest_route=\/wp\/v2\/posts\/2712\/revisions\/2715"}],"wp:attachment":[{"href":"https:\/\/www.lamborena.com\/index.php?rest_route=%2Fwp%2Fv2%2Fmedia&parent=2712"}],"wp:term":[{"taxonomy":"category","embeddable":true,"href":"https:\/\/www.lamborena.com\/index.php?rest_route=%2Fwp%2Fv2%2Fcategories&post=2712"},{"taxonomy":"post_tag","embeddable":true,"href":"https:\/\/www.lamborena.com\/index.php?rest_route=%2Fwp%2Fv2%2Ftags&post=2712"}],"curies":[{"name":"wp","href":"https:\/\/api.w.org\/{rel}","templated":true}]}}