{"id":2889,"date":"2014-01-07T13:47:21","date_gmt":"2014-01-07T12:47:21","guid":{"rendered":"http:\/\/www.lamborena.com\/?p=2889"},"modified":"2014-01-07T13:47:21","modified_gmt":"2014-01-07T12:47:21","slug":"ogeia","status":"publish","type":"post","link":"https:\/\/www.lamborena.com\/?p=2889","title":{"rendered":"Ogeia"},"content":{"rendered":"<p style=\"text-align: justify;\">Para comenzar el a\u00f1o en el blog hoy traigo cuatro fotos de una serie realizada en la playa de Ogeia, en Ispaster. Son fotos que llevan mucho tiempo ya pululando por las redes ya que las hice en 2012. La serie completa la tengo revelada pero tan solo he publicado estas cuatro fotos que hoy os muestro.<\/p>\n<p style=\"text-align: justify;\">Fue una tarde extra\u00f1a. Cuando llegu\u00e9 al lugar una mala sensaci\u00f3n me recorri\u00f3 el cuerpo&#8230; El verd\u00edn estaba empezando a pasarse y el cielo no aventuraba nada bueno. Por fortuna, el viento nos regal\u00f3 un atardecer bastante colorido en sus \u00faltimos momentos, aunque solo fuera por unos instantes. Lo cierto es que aquellos pocos minutos los disfrut\u00e9 un mont\u00f3n.<\/p>\n<p style=\"text-align: justify;\">Las fotos las hice todas ellas utilizando el polarizador circular, un filtro ND y un degradado. Como siempre, apertura m\u00ednima para maximizar la profundidad de campo y tiempos de exposici\u00f3n relativamente largos, todo ello ayudado por el tr\u00edpode, el cable disparador y el nivel de burbuja.<\/p>\n<p style=\"text-align: justify;\">Tal vez con tiempo, me anime a a\u00f1adir el resto de fotos de la serie. Lo madurar\u00e9.<\/p>\n<p style=\"text-align: justify;\">Os dejo con la serie de 4 y os deseo un 2014 lleno de buenas luces para captar. Laster arte!<\/p>\n<p style=\"text-align: center;\"><img decoding=\"async\" id=\"phgallery-2889_1 3\" alt=\"photocrati gallery\" src=\"https:\/\/www.lamborena.com\/wp-content\/themes\/photocrati-theme-v4.7.3\/photocrati-gallery\/image\/gallery-placeholder-1.gif\" \/><\/p>\n","protected":false},"excerpt":{"rendered":"<p>Para comenzar el a\u00f1o en el blog hoy traigo cuatro fotos de una serie realizada en la playa de Ogeia, en Ispaster. Son fotos que llevan mucho tiempo ya pululando por las redes ya que las hice en 2012. La serie completa la tengo revelada pero tan solo he publicado estas cuatro fotos que hoy [&hellip;]<\/p>\n","protected":false},"author":1,"featured_media":0,"comment_status":"open","ping_status":"open","sticky":false,"template":"","format":"standard","meta":{"ngg_post_thumbnail":0,"footnotes":""},"categories":[6],"tags":[53,1089,1494,1088],"class_list":["post-2889","post","type-post","status-publish","format-standard","hentry","category-fotografia","tag-andoni-lamborena","tag-ispaster","tag-lamborena","tag-ogeia","entry"],"_links":{"self":[{"href":"https:\/\/www.lamborena.com\/index.php?rest_route=\/wp\/v2\/posts\/2889","targetHints":{"allow":["GET"]}}],"collection":[{"href":"https:\/\/www.lamborena.com\/index.php?rest_route=\/wp\/v2\/posts"}],"about":[{"href":"https:\/\/www.lamborena.com\/index.php?rest_route=\/wp\/v2\/types\/post"}],"author":[{"embeddable":true,"href":"https:\/\/www.lamborena.com\/index.php?rest_route=\/wp\/v2\/users\/1"}],"replies":[{"embeddable":true,"href":"https:\/\/www.lamborena.com\/index.php?rest_route=%2Fwp%2Fv2%2Fcomments&post=2889"}],"version-history":[{"count":2,"href":"https:\/\/www.lamborena.com\/index.php?rest_route=\/wp\/v2\/posts\/2889\/revisions"}],"predecessor-version":[{"id":2891,"href":"https:\/\/www.lamborena.com\/index.php?rest_route=\/wp\/v2\/posts\/2889\/revisions\/2891"}],"wp:attachment":[{"href":"https:\/\/www.lamborena.com\/index.php?rest_route=%2Fwp%2Fv2%2Fmedia&parent=2889"}],"wp:term":[{"taxonomy":"category","embeddable":true,"href":"https:\/\/www.lamborena.com\/index.php?rest_route=%2Fwp%2Fv2%2Fcategories&post=2889"},{"taxonomy":"post_tag","embeddable":true,"href":"https:\/\/www.lamborena.com\/index.php?rest_route=%2Fwp%2Fv2%2Ftags&post=2889"}],"curies":[{"name":"wp","href":"https:\/\/api.w.org\/{rel}","templated":true}]}}