{"id":2898,"date":"2014-01-20T15:34:14","date_gmt":"2014-01-20T14:34:14","guid":{"rendered":"http:\/\/www.lamborena.com\/?p=2898"},"modified":"2014-01-20T19:49:14","modified_gmt":"2014-01-20T18:49:14","slug":"always-there","status":"publish","type":"post","link":"https:\/\/www.lamborena.com\/?p=2898","title":{"rendered":"Always there"},"content":{"rendered":"<p>Siempre ah\u00ed.<\/p>\n<p style=\"text-align: justify;\">Un par de fotos de una sesi\u00f3n de atardecer veraniego en Sonabia. La primera de ellas, \u00abalways there\u00bb, se la dediqu\u00e9 en su d\u00eda a mis compa\u00f1eros del colectivo \u00abCanonikos\u00bb precisamente porque igual que este encuadre, ellos est\u00e1n tambi\u00e9n siempre ah\u00ed. Un grupo de buena gente dispuesta siempre a echarte un cable o a mandarte un mensaje de \u00e1nimo. Hoy no puedo hacer otra cosa que volv\u00e9rsela a dedicar.<\/p>\n<p style=\"text-align: justify;\">Me falta un buen amigo de este mundillo de la fotograf\u00eda de acompa\u00f1ar por esta zona y la verdad es que ya tengo ganas! Laster izango da!<\/p>\n<p style=\"text-align: center;\"><img loading=\"lazy\" decoding=\"async\" style=\"border: 2px solid black;\" alt=\"\" src=\"http:\/\/farm9.staticflickr.com\/8429\/7728653750_9f7d35d117_z.jpg\" width=\"640\" height=\"427\" \/><\/p>\n<p style=\"text-align: justify;\">La segunda toma la titul\u00e9 \u00abbalc\u00f3n florido\u00bb. Este peque\u00f1o rinc\u00f3n de Sonabia hace mis delicias cada vez que voy por all\u00ed, que como sab\u00e9is es muy a menudo. Me parece un lugar privilegiado para contemplar la puesta de sol, sobre todo en los meses de primavera y verano.<\/p>\n<p style=\"text-align: justify;\">Las fotos las realic\u00e9 con el 17-40 de Canon, con un filtro ND y un degradado inverso. A parte de eso, como siempre, utilic\u00e9 el tr\u00edpode, el nivel de burbuja y el cable disparador. No tienen ning\u00fan misterio m\u00e1s.<\/p>\n<p style=\"text-align: justify;\">En el caso de la primera quise abarcar un campo de visi\u00f3n amplio, dando cabida a ese peque\u00f1o pino tan caracter\u00edstico del cabo Cebollero. Es un miembro ic\u00f3nico de este paisaje. Otro que est\u00e1 \u00abalways there\u00bb.<\/p>\n<p style=\"text-align: justify;\">En la segunda, tom\u00f3 algo de protagonismo el primer plano con esas lineas de florecillas tan t\u00edpicas de las zonas de acantilado.<\/p>\n<p style=\"text-align: justify;\">Os dejo con esta segunda toma vertical. Laster arte!<\/p>\n<p style=\"text-align: center;\"><img loading=\"lazy\" decoding=\"async\" style=\"border: 2px solid black;\" alt=\"\" src=\"http:\/\/farm9.staticflickr.com\/8285\/7738945788_c170f15c37_z.jpg\" width=\"427\" height=\"640\" \/><\/p>\n","protected":false},"excerpt":{"rendered":"<p>Siempre ah\u00ed. Un par de fotos de una sesi\u00f3n de atardecer veraniego en Sonabia. La primera de ellas, \u00abalways there\u00bb, se la dediqu\u00e9 en su d\u00eda a mis compa\u00f1eros del colectivo \u00abCanonikos\u00bb precisamente porque igual que este encuadre, ellos est\u00e1n tambi\u00e9n siempre ah\u00ed. Un grupo de buena gente dispuesta siempre a echarte un cable o [&hellip;]<\/p>\n","protected":false},"author":1,"featured_media":0,"comment_status":"open","ping_status":"open","sticky":false,"template":"","format":"standard","meta":{"ngg_post_thumbnail":0,"footnotes":""},"categories":[6],"tags":[55,1137,1493,275,740,1494,130],"class_list":["post-2898","post","type-post","status-publish","format-standard","hentry","category-fotografia","tag-canon","tag-canonikos","tag-fotografia","tag-hitech","tag-hitech-reverse","tag-lamborena","tag-sonabia","entry"],"_links":{"self":[{"href":"https:\/\/www.lamborena.com\/index.php?rest_route=\/wp\/v2\/posts\/2898","targetHints":{"allow":["GET"]}}],"collection":[{"href":"https:\/\/www.lamborena.com\/index.php?rest_route=\/wp\/v2\/posts"}],"about":[{"href":"https:\/\/www.lamborena.com\/index.php?rest_route=\/wp\/v2\/types\/post"}],"author":[{"embeddable":true,"href":"https:\/\/www.lamborena.com\/index.php?rest_route=\/wp\/v2\/users\/1"}],"replies":[{"embeddable":true,"href":"https:\/\/www.lamborena.com\/index.php?rest_route=%2Fwp%2Fv2%2Fcomments&post=2898"}],"version-history":[{"count":3,"href":"https:\/\/www.lamborena.com\/index.php?rest_route=\/wp\/v2\/posts\/2898\/revisions"}],"predecessor-version":[{"id":2900,"href":"https:\/\/www.lamborena.com\/index.php?rest_route=\/wp\/v2\/posts\/2898\/revisions\/2900"}],"wp:attachment":[{"href":"https:\/\/www.lamborena.com\/index.php?rest_route=%2Fwp%2Fv2%2Fmedia&parent=2898"}],"wp:term":[{"taxonomy":"category","embeddable":true,"href":"https:\/\/www.lamborena.com\/index.php?rest_route=%2Fwp%2Fv2%2Fcategories&post=2898"},{"taxonomy":"post_tag","embeddable":true,"href":"https:\/\/www.lamborena.com\/index.php?rest_route=%2Fwp%2Fv2%2Ftags&post=2898"}],"curies":[{"name":"wp","href":"https:\/\/api.w.org\/{rel}","templated":true}]}}